{"id":476954,"date":"2017-05-02T14:18:39","date_gmt":"2017-05-02T19:18:39","guid":{"rendered":"https:\/\/www.futboltotal.com.mx\/?p=476954"},"modified":"2017-05-02T14:19:22","modified_gmt":"2017-05-02T19:19:22","slug":"chiapas-reporta-26-detenidos-invasion-al-campo","status":"publish","type":"post","link":"http:\/\/desarrollo.grupomedios.com\/futbol\/futbol-mexicano\/chiapas-reporta-26-detenidos-invasion-al-campo\/2017\/05","title":{"rendered":"Chiapas reporta 26 detenidos por invasi\u00f3n al campo"},"content":{"rendered":"<p>A trav\u00e9s de un comunicado, la directiva de <strong>Jaguares de Chiapas<\/strong> comparti\u00f3 el n\u00famero de detenidos el pasado 29 de abril, por invasi\u00f3n a la cancha del estadio V\u00edctor Manuel Reyna, en el cierre de partido ante Santos, correspondiente a la jornada 16 del Clausura 2017.<\/p>\n<p>\u201cSe informa que fueron detenidas 26 personas, entre ellas nueve menores de edad quedando a disposici\u00f3n de la Fiscal\u00eda General del Estado de Chiapas, en donde se analiza su situaci\u00f3n legal\u201d, indic\u00f3 la directiva del <em>Jaguar.<\/em><\/p>\n<p style=\"text-align: center;\"><span style=\"color: #3366ff;\"><a style=\"color: #3366ff;\" href=\"https:\/\/www.futboltotal.com.mx\/2017\/04\/resultado-liga-mx-chiapas-2-2-santos\/\" target=\"_blank\"><strong>VER M\u00c1S: Con empate en la Selva, el Jaguar salva al Tibur\u00f3n<\/strong><\/a><\/span><\/p>\n<p style=\"text-align: center;\"><a href=\"https:\/\/www.futboltotal.com.mx\/wp-content\/uploads\/2017\/05\/comunicado-chiapas.jpg\"><img decoding=\"async\" loading=\"lazy\" class=\"alignnone size-full wp-image-476955\" src=\"https:\/\/www.futboltotal.com.mx\/wp-content\/uploads\/2017\/05\/comunicado-chiapas.jpg\" alt=\"Chiapas reporta 26 detenidos por invasi\u00f3n al campo 0\" srcset=\"http:\/\/desarrollo.grupomedios.com\/futbol\/wp-content\/uploads\/2017\/05\/comunicado-chiapas.jpg 1136w, http:\/\/desarrollo.grupomedios.com\/futbol\/wp-content\/uploads\/2017\/05\/comunicado-chiapas-300x169.jpg 300w, http:\/\/desarrollo.grupomedios.com\/futbol\/wp-content\/uploads\/2017\/05\/comunicado-chiapas-768x432.jpg 768w, http:\/\/desarrollo.grupomedios.com\/futbol\/wp-content\/uploads\/2017\/05\/comunicado-chiapas-1024x576.jpg 1024w, http:\/\/desarrollo.grupomedios.com\/futbol\/wp-content\/uploads\/2017\/05\/comunicado-chiapas-317x178.jpg 317w, http:\/\/desarrollo.grupomedios.com\/futbol\/wp-content\/uploads\/2017\/05\/comunicado-chiapas-535x301.jpg 535w, http:\/\/desarrollo.grupomedios.com\/futbol\/wp-content\/uploads\/2017\/05\/comunicado-chiapas-374x210.jpg 374w\" sizes=\"(max-width: 1136px) 100vw, 1136px\" \/><\/a><\/p>\n<p>Cabe destacar que <strong>Jaguares de Chiapas<\/strong> dominaba el cotejo ante Santos, en la compensaci\u00f3n, cuando aficionados ingresaron al campo, situaci\u00f3n que cort\u00f3 el ritmo del encuentro, para disminuir as\u00ed las posibilidades de los locales, para ganar el encuentro.<\/p>\n<blockquote class=\"twitter-tweet\" data-lang=\"es\">\n<p dir=\"ltr\" lang=\"und\"><a href=\"https:\/\/twitter.com\/hashtag\/COMUNICADOOFICIAL?src=hash\">#COMUNICADOOFICIAL<\/a> &#x1f4c4;&#x1f406; <a href=\"https:\/\/t.co\/iIqZz3ZIFW\">pic.twitter.com\/iIqZz3ZIFW<\/a><\/p>\n<p>\u2014 Jaguares de Chiapas (@Chiapas_FC) <a href=\"https:\/\/twitter.com\/Chiapas_FC\/status\/859487228464173056\">2 de mayo de 2017<\/a><\/p><\/blockquote>\n<p><script async src=\"\/\/platform.twitter.com\/widgets.js\" charset=\"utf-8\"><\/script><\/p>\n<p>S\u00edguenos en Twitter: <a href=\"https:\/\/twitter.com\/MXFutbolTotal\" target=\"_blank\">@MXFutbolTotal<\/a><\/p>\n","protected":false},"excerpt":{"rendered":"<p>El Jaguar comparte lo sucedido tras la intromisi\u00f3n de espont\u00e1neos en el juego ante Santos.<\/p>\n","protected":false},"author":20,"featured_media":476956,"comment_status":"closed","ping_status":"closed","sticky":false,"template":"","format":"standard","meta":[],"categories":[2198,3845],"tags":[5964],"_links":{"self":[{"href":"http:\/\/desarrollo.grupomedios.com\/futbol\/wp-json\/wp\/v2\/posts\/476954"}],"collection":[{"href":"http:\/\/desarrollo.grupomedios.com\/futbol\/wp-json\/wp\/v2\/posts"}],"about":[{"href":"http:\/\/desarrollo.grupomedios.com\/futbol\/wp-json\/wp\/v2\/types\/post"}],"author":[{"embeddable":true,"href":"http:\/\/desarrollo.grupomedios.com\/futbol\/wp-json\/wp\/v2\/users\/20"}],"replies":[{"embeddable":true,"href":"http:\/\/desarrollo.grupomedios.com\/futbol\/wp-json\/wp\/v2\/comments?post=476954"}],"version-history":[{"count":2,"href":"http:\/\/desarrollo.grupomedios.com\/futbol\/wp-json\/wp\/v2\/posts\/476954\/revisions"}],"predecessor-version":[{"id":476959,"href":"http:\/\/desarrollo.grupomedios.com\/futbol\/wp-json\/wp\/v2\/posts\/476954\/revisions\/476959"}],"wp:featuredmedia":[{"embeddable":true,"href":"http:\/\/desarrollo.grupomedios.com\/futbol\/wp-json\/wp\/v2\/media\/476956"}],"wp:attachment":[{"href":"http:\/\/desarrollo.grupomedios.com\/futbol\/wp-json\/wp\/v2\/media?parent=476954"}],"wp:term":[{"taxonomy":"category","embeddable":true,"href":"http:\/\/desarrollo.grupomedios.com\/futbol\/wp-json\/wp\/v2\/categories?post=476954"},{"taxonomy":"post_tag","embeddable":true,"href":"http:\/\/desarrollo.grupomedios.com\/futbol\/wp-json\/wp\/v2\/tags?post=476954"}],"curies":[{"name":"wp","href":"https:\/\/api.w.org\/{rel}","templated":true}]}}