{"id":476998,"date":"2017-05-02T16:50:21","date_gmt":"2017-05-02T21:50:21","guid":{"rendered":"https:\/\/www.futboltotal.com.mx\/?p=476998"},"modified":"2017-05-02T16:50:21","modified_gmt":"2017-05-02T21:50:21","slug":"imposible-futbol-tenemos-opciones-simeone","status":"publish","type":"post","link":"http:\/\/desarrollo.grupomedios.com\/futbol\/futbol-internacional\/imposible-futbol-tenemos-opciones-simeone\/2017\/05","title":{"rendered":"Es imposible, pero es futbol y tenemos opciones: Simeone"},"content":{"rendered":"<p>El argentino Diego Simeone, entrenador del Atl\u00e9tico de Madrid, remarc\u00f3 este martes, tras la derrota 3-0 ante el Real Madrid en la Champions League, que levantar la eliminatoria &#8220;es imposible, dificil\u00edsimo, complicado&#8230; pero el f\u00fatbol es maravilloso&#8221; y recalc\u00f3 que sigue &#8220;creyendo&#8221; que hay &#8220;opciones&#8221;.<\/p>\n<blockquote><p>&#8220;El f\u00fatbol es maravilloso porque a veces pasan cosas inesperadas y sigo creyendo porque tenemos opciones&#8221;, explic\u00f3 el t\u00e9cnico en la rueda de prensa en el estadio Santiago Bernab\u00e9u.<\/p><\/blockquote>\n<p>Simeone se\u00f1al\u00f3 que su equipo tiene que olvidar ya el duelo de este martes, preparar el del s\u00e1bado ante el Eibar e intentar la remontada el pr\u00f3ximo mi\u00e9rcoles en la vuelta en el Vicente Calder\u00f3n.<\/p>\n<blockquote><p>&#8220;A recuperarse, el s\u00e1bado hay un partido, ahora olvidar este encuentro&#8230; y el f\u00fatbol es maravilloso. Es imposible, dificil\u00edsimo, complicado, pero es f\u00fatbol. Y el f\u00fatbol es maravilloso y tiene cosas inesperadas y hasta la \u00faltima gota de posibilidad que tengamos nos la jugaremos, sin ninguna duda&#8221;, enfatiz\u00f3 el entrenador.<\/p><\/blockquote>\n<p style=\"text-align: center;\"><span style=\"color: #3366ff;\"><a style=\"color: #3366ff;\" href=\"https:\/\/www.futboltotal.com.mx\/2017\/05\/cristiano-marca-hat-trick-encarrila-al-real-madrid-a-la-final\/\">LEER M\u00c1S: Cristiano marca hat-trick y acerca al Real Madrid a la Final<\/a><\/span><\/p>\n<p>Simeone, &#8220;sinceramente&#8221;, no tiene ni enfado ni decepci\u00f3n tras el 3-0 en el Santiago Bernab\u00e9u: &#8220;Tengo una sensaci\u00f3n de tranquilidad, pero m\u00e1s que nunca, seguro. A preparar el partido del s\u00e1bado y a intentar algo imposible, que como nos llamamos Atl\u00e9tico de Madrid posiblemente podemos ser capaces&#8221;.<\/p>\n<p>El t\u00e9cnico repas\u00f3 que &#8220;el f\u00fatbol es lo que sucede en el campo y hoy el rival fue mejor, sobre todo en lo concreto que fue&#8221;. &#8220;Y, ante eso, felicitarlo. Cuando suceden este tipo de situaciones, hay que felicitar al rival, irse a dormir, descansar, primero pensar en el s\u00e1bado y luego obviamente jugar todas las opciones que tengamos, aunque sean m\u00ednimas&#8221;, prosigui\u00f3.<\/p>\n<blockquote><p>&#8220;El primer tiempo fue bastante impreciso de los dos, donde siempre hab\u00eda sensaci\u00f3n de peligro, pero las imprecisiones hac\u00edan no poder avanzar en las jugadas que pod\u00edamos encontrar, ellos encontraron el gol y luego nosotros tuvimos una bastante importante con Gameiro, que resolvi\u00f3 bien Navas&#8221;, repas\u00f3.<\/p>\n<p>&#8220;En el segundo tiempo tuvimos la pelota, no fuimos profundos, no tuvimos ocasiones y ellos con espacios son fuertes e importantes. Nos hicieron mucho da\u00f1o sobre todo por lo concretos que fueron en las situaciones que tuvieron&#8221;, explic\u00f3. EFE<\/p><\/blockquote>\n","protected":false},"excerpt":{"rendered":"<p>Simeone mantiene las esperanzas en remontar.<\/p>\n","protected":false},"author":144,"featured_media":477002,"comment_status":"closed","ping_status":"closed","sticky":false,"template":"","format":"standard","meta":[],"categories":[3839],"tags":[6007,36,5988],"_links":{"self":[{"href":"http:\/\/desarrollo.grupomedios.com\/futbol\/wp-json\/wp\/v2\/posts\/476998"}],"collection":[{"href":"http:\/\/desarrollo.grupomedios.com\/futbol\/wp-json\/wp\/v2\/posts"}],"about":[{"href":"http:\/\/desarrollo.grupomedios.com\/futbol\/wp-json\/wp\/v2\/types\/post"}],"author":[{"embeddable":true,"href":"http:\/\/desarrollo.grupomedios.com\/futbol\/wp-json\/wp\/v2\/users\/144"}],"replies":[{"embeddable":true,"href":"http:\/\/desarrollo.grupomedios.com\/futbol\/wp-json\/wp\/v2\/comments?post=476998"}],"version-history":[{"count":1,"href":"http:\/\/desarrollo.grupomedios.com\/futbol\/wp-json\/wp\/v2\/posts\/476998\/revisions"}],"predecessor-version":[{"id":477017,"href":"http:\/\/desarrollo.grupomedios.com\/futbol\/wp-json\/wp\/v2\/posts\/476998\/revisions\/477017"}],"wp:featuredmedia":[{"embeddable":true,"href":"http:\/\/desarrollo.grupomedios.com\/futbol\/wp-json\/wp\/v2\/media\/477002"}],"wp:attachment":[{"href":"http:\/\/desarrollo.grupomedios.com\/futbol\/wp-json\/wp\/v2\/media?parent=476998"}],"wp:term":[{"taxonomy":"category","embeddable":true,"href":"http:\/\/desarrollo.grupomedios.com\/futbol\/wp-json\/wp\/v2\/categories?post=476998"},{"taxonomy":"post_tag","embeddable":true,"href":"http:\/\/desarrollo.grupomedios.com\/futbol\/wp-json\/wp\/v2\/tags?post=476998"}],"curies":[{"name":"wp","href":"https:\/\/api.w.org\/{rel}","templated":true}]}}