{"id":477023,"date":"2017-05-02T19:16:41","date_gmt":"2017-05-03T00:16:41","guid":{"rendered":"https:\/\/www.futboltotal.com.mx\/?p=477023"},"modified":"2017-05-03T07:43:23","modified_gmt":"2017-05-03T12:43:23","slug":"los-angeles-destino-carlos-vela","status":"publish","type":"post","link":"http:\/\/desarrollo.grupomedios.com\/futbol\/destacado-home\/los-angeles-destino-carlos-vela\/2017\/05","title":{"rendered":"Los \u00c1ngeles, \u00bfel destino de Carlos Vela?"},"content":{"rendered":"<p>El futuro de <strong>Carlos Vela<\/strong> al finalizar la campa\u00f1a 2016-17, parece que ser\u00e1 definitivamente fuera de la Real Sociedad, pues ya surgi\u00f3 una baraja de posibilidades que van desde Espa\u00f1a hasta M\u00e9xico. De entre ellas, Estados Unidos es uno de los destinos que m\u00e1s fuerza tienen para el arribo del delantero, porque ahora, aparecen dos serios candidatos para ficharlo, ambos con sede en Los \u00c1ngeles.<\/p>\n<p>Los \u00c1ngeles FC y LA Galaxy pagar\u00edan 10 millones de d\u00f3lares para hacerse de <strong>Carlos Vela<\/strong>, seg\u00fan revela <em>ESPN FC<\/em>, sitio que aclara que en el caso de que el primer club contratara al mexicano, lo prestar\u00eda por un a\u00f1o a la Real Sociedad, para que en 2018 el <em>Bombardero<\/em> se incorporara al equipo, pues en ese a\u00f1o el segundo equipo de Los \u00c1ngeles, California, podr\u00e1 competir en la MLS.<\/p>\n<p style=\"text-align: center;\"><span style=\"color: #3366ff;\"><a style=\"color: #3366ff;\" href=\"https:\/\/www.futboltotal.com.mx\/2017\/04\/las-figuras-del-mercado-de-fichajes-de-europa\/\" target=\"_blank\"><strong>VER M\u00c1S: Carlos Vela, una de las 25 figuras que buscan en el Mercado de Fichajes de Europa<\/strong><\/a><\/span><\/p>\n<blockquote class=\"twitter-tweet\" data-lang=\"es\">\n<p dir=\"ltr\" lang=\"en\"><a href=\"https:\/\/twitter.com\/hashtag\/MLS?src=hash\">#MLS<\/a> has resumed its pursuit of Carlos Vela. <a href=\"https:\/\/twitter.com\/hashtag\/LAFC?src=hash\">#LAFC<\/a> among the teams interested: <a href=\"https:\/\/t.co\/LkzSQ4x3w4\">https:\/\/t.co\/LkzSQ4x3w4<\/a> <a href=\"https:\/\/twitter.com\/hashtag\/ElTri?src=hash\">#ElTri<\/a><\/p>\n<p>\u2014 Jeff Carlisle (@JeffreyCarlisle) <a href=\"https:\/\/twitter.com\/JeffreyCarlisle\/status\/859434981646401536\">2 de mayo de 2017<\/a><\/p><\/blockquote>\n<p><script async src=\"\/\/platform.twitter.com\/widgets.js\" charset=\"utf-8\"><\/script><\/p>\n<p>Cabe destacar que ambos equipos est\u00e1n interesados, no solamente en <strong>Carlos Vela<\/strong>, sino en el delantero del Bayer Leverkusen, Javier Chicharito Hern\u00e1ndez, para el Mercado de Fichajes.<\/p>\n<p><strong>S\u00edguenos en Twitter:<\/strong> <a href=\"https:\/\/twitter.com\/MXFutbolTotal\" target=\"_blank\">@MXFutbolTotal<\/a><\/p>\n","protected":false},"excerpt":{"rendered":"<p>Dos equipos de Estados Unidos se disputan al mexicano para el Mercado de fichajes.<\/p>\n","protected":false},"author":20,"featured_media":477024,"comment_status":"closed","ping_status":"closed","sticky":false,"template":"","format":"standard","meta":[],"categories":[5,7740,3839,6718],"tags":[6048,6214],"_links":{"self":[{"href":"http:\/\/desarrollo.grupomedios.com\/futbol\/wp-json\/wp\/v2\/posts\/477023"}],"collection":[{"href":"http:\/\/desarrollo.grupomedios.com\/futbol\/wp-json\/wp\/v2\/posts"}],"about":[{"href":"http:\/\/desarrollo.grupomedios.com\/futbol\/wp-json\/wp\/v2\/types\/post"}],"author":[{"embeddable":true,"href":"http:\/\/desarrollo.grupomedios.com\/futbol\/wp-json\/wp\/v2\/users\/20"}],"replies":[{"embeddable":true,"href":"http:\/\/desarrollo.grupomedios.com\/futbol\/wp-json\/wp\/v2\/comments?post=477023"}],"version-history":[{"count":2,"href":"http:\/\/desarrollo.grupomedios.com\/futbol\/wp-json\/wp\/v2\/posts\/477023\/revisions"}],"predecessor-version":[{"id":477026,"href":"http:\/\/desarrollo.grupomedios.com\/futbol\/wp-json\/wp\/v2\/posts\/477023\/revisions\/477026"}],"wp:featuredmedia":[{"embeddable":true,"href":"http:\/\/desarrollo.grupomedios.com\/futbol\/wp-json\/wp\/v2\/media\/477024"}],"wp:attachment":[{"href":"http:\/\/desarrollo.grupomedios.com\/futbol\/wp-json\/wp\/v2\/media?parent=477023"}],"wp:term":[{"taxonomy":"category","embeddable":true,"href":"http:\/\/desarrollo.grupomedios.com\/futbol\/wp-json\/wp\/v2\/categories?post=477023"},{"taxonomy":"post_tag","embeddable":true,"href":"http:\/\/desarrollo.grupomedios.com\/futbol\/wp-json\/wp\/v2\/tags?post=477023"}],"curies":[{"name":"wp","href":"https:\/\/api.w.org\/{rel}","templated":true}]}}