{"id":477042,"date":"2017-05-02T21:51:17","date_gmt":"2017-05-03T02:51:17","guid":{"rendered":"https:\/\/www.futboltotal.com.mx\/?p=477042"},"modified":"2017-05-02T21:51:17","modified_gmt":"2017-05-03T02:51:17","slug":"renace-diseno-david-beckham-uso-originalmente-adidas","status":"publish","type":"post","link":"http:\/\/desarrollo.grupomedios.com\/futbol\/galerias\/renace-diseno-david-beckham-uso-originalmente-adidas\/2017\/05","title":{"rendered":"Renace el dise\u00f1o que David Beckham us\u00f3 originalmente con adidas"},"content":{"rendered":"<p><strong>Adidas<\/strong> present\u00f3 su nueva colecci\u00f3n limitada, Champagne, que est\u00e1 inspirada en uno de sus dise\u00f1os m\u00e1s ic\u00f3nicos: los los Predator Mania. La serie de calzado tiene lo m\u00e1s nuevo en tecnolog\u00eda y re\u00fane lo mejor de lo viejo con lo nuevo. Para presentarlos, la marca deportiva recurri\u00f3 a una de las figuras que los represent\u00f3, usando precisamente el calzado cl\u00e1sico con el que inspiraron a esta nueva l\u00ednea: el ingl\u00e9s <strong>David Beckham<\/strong>.<\/p>\n<p><a href=\"https:\/\/www.futboltotal.com.mx\/wp-content\/uploads\/2017\/05\/beckham-3.jpg\"><img decoding=\"async\" loading=\"lazy\" class=\"alignnone size-full wp-image-477043\" src=\"https:\/\/www.futboltotal.com.mx\/wp-content\/uploads\/2017\/05\/beckham-3.jpg\" alt=\"Renace el dise\u00f1o que David Beckham us\u00f3 originalmente con adidas 0\" srcset=\"http:\/\/desarrollo.grupomedios.com\/futbol\/wp-content\/uploads\/2017\/05\/beckham-3.jpg 1136w, http:\/\/desarrollo.grupomedios.com\/futbol\/wp-content\/uploads\/2017\/05\/beckham-3-300x169.jpg 300w, http:\/\/desarrollo.grupomedios.com\/futbol\/wp-content\/uploads\/2017\/05\/beckham-3-768x432.jpg 768w, http:\/\/desarrollo.grupomedios.com\/futbol\/wp-content\/uploads\/2017\/05\/beckham-3-1024x576.jpg 1024w, http:\/\/desarrollo.grupomedios.com\/futbol\/wp-content\/uploads\/2017\/05\/beckham-3-317x178.jpg 317w, http:\/\/desarrollo.grupomedios.com\/futbol\/wp-content\/uploads\/2017\/05\/beckham-3-535x301.jpg 535w, http:\/\/desarrollo.grupomedios.com\/futbol\/wp-content\/uploads\/2017\/05\/beckham-3-374x210.jpg 374w\" sizes=\"(max-width: 1136px) 100vw, 1136px\" \/><\/a><\/p>\n<p>\u201cLas fotos de Beckham se enfocan en la caracter\u00edstica m\u00e1s identificable de los Mania \u2013 su leng\u00fceta roja&#8230; El sistema <em>PURECUT SOCK<\/em> en los X16+ <em>PURECHAOS<\/em> cubre las agujetas para otorgar un mejor ajuste. La tecnolog\u00eda <em>NON STOP GRIP (NSG)<\/em> permite el mejor control de bal\u00f3n, mientras que la suela <em>SPRINTFRAME<\/em> est\u00e1 dise\u00f1ada para proporcionar estabilidad durante los movimientos a alta velocidad.\u201d, se\u00f1ala <strong>adidas<\/strong>.<\/p>\n<p style=\"text-align: center;\"><span style=\"color: #3366ff;\"><a style=\"color: #3366ff;\" href=\"https:\/\/www.futboltotal.com.mx\/2017\/05\/la-super-promocion-del-pachuca-la-ultima-fecha\/\" target=\"_blank\"><strong>VER M\u00c1S: La s\u00faper promoci\u00f3n de Pachuca para la \u00faltima fecha<\/strong><\/a><\/span><\/p>\n<p style=\"text-align: center;\"><a href=\"https:\/\/www.futboltotal.com.mx\/wp-content\/uploads\/2017\/05\/beckham.jpg\"><img decoding=\"async\" loading=\"lazy\" class=\"alignnone size-full wp-image-477044\" src=\"https:\/\/www.futboltotal.com.mx\/wp-content\/uploads\/2017\/05\/beckham.jpg\" alt=\"Renace el dise\u00f1o que David Beckham us\u00f3 originalmente con adidas 1\" srcset=\"http:\/\/desarrollo.grupomedios.com\/futbol\/wp-content\/uploads\/2017\/05\/beckham.jpg 1136w, http:\/\/desarrollo.grupomedios.com\/futbol\/wp-content\/uploads\/2017\/05\/beckham-300x169.jpg 300w, http:\/\/desarrollo.grupomedios.com\/futbol\/wp-content\/uploads\/2017\/05\/beckham-768x432.jpg 768w, http:\/\/desarrollo.grupomedios.com\/futbol\/wp-content\/uploads\/2017\/05\/beckham-1024x576.jpg 1024w, http:\/\/desarrollo.grupomedios.com\/futbol\/wp-content\/uploads\/2017\/05\/beckham-317x178.jpg 317w, http:\/\/desarrollo.grupomedios.com\/futbol\/wp-content\/uploads\/2017\/05\/beckham-535x301.jpg 535w, http:\/\/desarrollo.grupomedios.com\/futbol\/wp-content\/uploads\/2017\/05\/beckham-374x210.jpg 374w\" sizes=\"(max-width: 1136px) 100vw, 1136px\" \/><\/a><\/p>\n<p>\u201cLos <em>ACE 16+ PURECONTROL UltraBOOST<\/em> tambi\u00e9n son parte de la colecci\u00f3n Champagne de adidas, reuniendo la capellada <em>PRIMEKNIT<\/em> de <strong>adidas<\/strong> Football y la tecnolog\u00eda <em>BOOST<\/em> utilizada en los productos adidas Running, cumpliendo de esta forma con las necesidades de los jugadores fuera de la cancha\u201d, agrega.<\/p>\n<p><a href=\"https:\/\/www.futboltotal.com.mx\/wp-content\/uploads\/2017\/05\/beckham-1.jpg\"><img decoding=\"async\" loading=\"lazy\" class=\"alignnone size-full wp-image-477045\" src=\"https:\/\/www.futboltotal.com.mx\/wp-content\/uploads\/2017\/05\/beckham-1.jpg\" alt=\"Renace el dise\u00f1o que David Beckham us\u00f3 originalmente con adidas 2\" srcset=\"http:\/\/desarrollo.grupomedios.com\/futbol\/wp-content\/uploads\/2017\/05\/beckham-1.jpg 1136w, http:\/\/desarrollo.grupomedios.com\/futbol\/wp-content\/uploads\/2017\/05\/beckham-1-300x169.jpg 300w, http:\/\/desarrollo.grupomedios.com\/futbol\/wp-content\/uploads\/2017\/05\/beckham-1-768x432.jpg 768w, http:\/\/desarrollo.grupomedios.com\/futbol\/wp-content\/uploads\/2017\/05\/beckham-1-1024x576.jpg 1024w, http:\/\/desarrollo.grupomedios.com\/futbol\/wp-content\/uploads\/2017\/05\/beckham-1-317x178.jpg 317w, http:\/\/desarrollo.grupomedios.com\/futbol\/wp-content\/uploads\/2017\/05\/beckham-1-535x301.jpg 535w, http:\/\/desarrollo.grupomedios.com\/futbol\/wp-content\/uploads\/2017\/05\/beckham-1-374x210.jpg 374w\" sizes=\"(max-width: 1136px) 100vw, 1136px\" \/><\/a><\/p>\n<p>S\u00edguenos en Twitter: <a href=\"https:\/\/twitter.com\/MXFutbolTotal\" target=\"_blank\">@MXFutbolTotal<\/a><\/p>\n","protected":false},"excerpt":{"rendered":"<p>La firma deportiva trae una colecci\u00f3n que retoma el pasado y para ello, recurre a una figura que los promovi\u00f3.<\/p>\n","protected":false},"author":20,"featured_media":477046,"comment_status":"closed","ping_status":"closed","sticky":false,"template":"","format":"standard","meta":[],"categories":[5419,6410,3839,3],"tags":[1560],"_links":{"self":[{"href":"http:\/\/desarrollo.grupomedios.com\/futbol\/wp-json\/wp\/v2\/posts\/477042"}],"collection":[{"href":"http:\/\/desarrollo.grupomedios.com\/futbol\/wp-json\/wp\/v2\/posts"}],"about":[{"href":"http:\/\/desarrollo.grupomedios.com\/futbol\/wp-json\/wp\/v2\/types\/post"}],"author":[{"embeddable":true,"href":"http:\/\/desarrollo.grupomedios.com\/futbol\/wp-json\/wp\/v2\/users\/20"}],"replies":[{"embeddable":true,"href":"http:\/\/desarrollo.grupomedios.com\/futbol\/wp-json\/wp\/v2\/comments?post=477042"}],"version-history":[{"count":1,"href":"http:\/\/desarrollo.grupomedios.com\/futbol\/wp-json\/wp\/v2\/posts\/477042\/revisions"}],"predecessor-version":[{"id":477047,"href":"http:\/\/desarrollo.grupomedios.com\/futbol\/wp-json\/wp\/v2\/posts\/477042\/revisions\/477047"}],"wp:featuredmedia":[{"embeddable":true,"href":"http:\/\/desarrollo.grupomedios.com\/futbol\/wp-json\/wp\/v2\/media\/477046"}],"wp:attachment":[{"href":"http:\/\/desarrollo.grupomedios.com\/futbol\/wp-json\/wp\/v2\/media?parent=477042"}],"wp:term":[{"taxonomy":"category","embeddable":true,"href":"http:\/\/desarrollo.grupomedios.com\/futbol\/wp-json\/wp\/v2\/categories?post=477042"},{"taxonomy":"post_tag","embeddable":true,"href":"http:\/\/desarrollo.grupomedios.com\/futbol\/wp-json\/wp\/v2\/tags?post=477042"}],"curies":[{"name":"wp","href":"https:\/\/api.w.org\/{rel}","templated":true}]}}