{"id":477052,"date":"2017-05-03T09:44:27","date_gmt":"2017-05-03T14:44:27","guid":{"rendered":"https:\/\/www.futboltotal.com.mx\/?p=477052"},"modified":"2017-05-03T09:46:47","modified_gmt":"2017-05-03T14:46:47","slug":"francesco-totti-se-retira-al-final-la-temporada","status":"publish","type":"post","link":"http:\/\/desarrollo.grupomedios.com\/futbol\/destacado-home\/francesco-totti-se-retira-al-final-la-temporada\/2017\/05","title":{"rendered":"Francesco Totti se retira al final de la temporada"},"content":{"rendered":"<p>No hay plazo que no llegue ni fecha que no se cumpla. El tiempo de decir adi\u00f3s y de colgar las botas lleg\u00f3 para uno de los futbolistas m\u00e1s grandes de todos los tiempos: <strong>Francesco Totti<\/strong>. Con 40 a\u00f1os a cuestas y despu\u00e9s de 25 a\u00f1os vistiendo la camiseta del AS Roma, el mediocampista dejar\u00e1 de jugar futbol. A partir de la pr\u00f3xima temporada no vestir\u00e1 m\u00e1s la camiseta del club en el que lleg\u00f3 ni\u00f1o, se hizo hombre y consagr\u00f3 como leyenda.<\/p>\n<p style=\"text-align: center;\"><span style=\"color: #3366ff;\">VER M\u00c1S: Todas las noticias de futbol internacional\u00a0<\/span><\/p>\n<p><iframe loading=\"lazy\" src=\"https:\/\/www.youtube.com\/embed\/ioJuL62afVU?feature=oembed\" frameborder=\"0\" allowfullscreen><\/iframe><\/p>\n<p>Este jueves, el nuevo director deportivo de la Roma, Ram\u00f3n Rodr\u00edguez, mejor conocido como <strong>Monchi<\/strong>, confirm\u00f3 que Francesco Totti no jugar\u00e1 con los <em>Giallorossi<\/em> para la pr\u00f3xima temporada, pero permanecer\u00e1 en la entidad como uno de los nuevos dirigentes.<\/p>\n<blockquote><p>&#8220;S\u00e9 que este ser\u00e1 su \u00faltimo a\u00f1o como jugador y despu\u00e9s tendr\u00e1 un contrato como directivo. Le he pedido que contin\u00fae aqu\u00ed conmigo, porque Totti es la Roma y quiero aprender cosas de \u00e9l&#8221;, dijo Monchi en rueda de prensa.<\/p><\/blockquote>\n<p>Francesco Totti dejar\u00e1 a la Roma tras haber jugado 25 a\u00f1os, desde que debut\u00f3 el 28 de marzo de 1992 en un partido ante Brescia. Desde entonces y a la fecha ha disputado 616 partidos con la camiseta guinda y, sin haberse desempe\u00f1ado como delantero, se ir\u00e1 como el segundo m\u00e1ximo anotador de la Serie A, solo por detr\u00e1s de Silvio Piola, quien marc\u00f3 274 goles.<\/p>\n<p>Il Capitano se ir\u00e1 tras haber ganado un Scudetto (2000-01), dos Copasde Italia ( 2006-07, 2007-08), adem\u00e1s de dos Supercopas italianas (2001 y 2007). Eso sin contar que con la Selecci\u00f3n de Italia fue campe\u00f3n en el Mundial de 2006 y m\u00e1s de 25 distinciones individuales.<\/p>\n<blockquote><p>&#8220;La Roma es todo para m\u00ed, todo lo que una persona puede querer: pasi\u00f3n, amor, alegr\u00eda. Siempre he apoyado al equipo y siempre lo har\u00e9&#8221;, resumi\u00f3 Totti a la UEFA expresando su devoci\u00f3n hacia su amado club.<\/p><\/blockquote>\n<p>&nbsp;<\/p>\n","protected":false},"excerpt":{"rendered":"<p>Il Capitano se marcha tras 25 temporadas jugando con los Giallorossi.<\/p>\n","protected":false},"author":20,"featured_media":477053,"comment_status":"closed","ping_status":"closed","sticky":false,"template":"","format":"standard","meta":[],"categories":[5,3839,3848],"tags":[2618,2619],"_links":{"self":[{"href":"http:\/\/desarrollo.grupomedios.com\/futbol\/wp-json\/wp\/v2\/posts\/477052"}],"collection":[{"href":"http:\/\/desarrollo.grupomedios.com\/futbol\/wp-json\/wp\/v2\/posts"}],"about":[{"href":"http:\/\/desarrollo.grupomedios.com\/futbol\/wp-json\/wp\/v2\/types\/post"}],"author":[{"embeddable":true,"href":"http:\/\/desarrollo.grupomedios.com\/futbol\/wp-json\/wp\/v2\/users\/20"}],"replies":[{"embeddable":true,"href":"http:\/\/desarrollo.grupomedios.com\/futbol\/wp-json\/wp\/v2\/comments?post=477052"}],"version-history":[{"count":2,"href":"http:\/\/desarrollo.grupomedios.com\/futbol\/wp-json\/wp\/v2\/posts\/477052\/revisions"}],"predecessor-version":[{"id":477059,"href":"http:\/\/desarrollo.grupomedios.com\/futbol\/wp-json\/wp\/v2\/posts\/477052\/revisions\/477059"}],"wp:featuredmedia":[{"embeddable":true,"href":"http:\/\/desarrollo.grupomedios.com\/futbol\/wp-json\/wp\/v2\/media\/477053"}],"wp:attachment":[{"href":"http:\/\/desarrollo.grupomedios.com\/futbol\/wp-json\/wp\/v2\/media?parent=477052"}],"wp:term":[{"taxonomy":"category","embeddable":true,"href":"http:\/\/desarrollo.grupomedios.com\/futbol\/wp-json\/wp\/v2\/categories?post=477052"},{"taxonomy":"post_tag","embeddable":true,"href":"http:\/\/desarrollo.grupomedios.com\/futbol\/wp-json\/wp\/v2\/tags?post=477052"}],"curies":[{"name":"wp","href":"https:\/\/api.w.org\/{rel}","templated":true}]}}