{"id":477073,"date":"2017-05-03T12:04:33","date_gmt":"2017-05-03T17:04:33","guid":{"rendered":"https:\/\/www.futboltotal.com.mx\/?p=477073"},"modified":"2017-05-03T12:04:33","modified_gmt":"2017-05-03T17:04:33","slug":"chicharito-fabian-nominados-al-11-ideal-la-temporada","status":"publish","type":"post","link":"http:\/\/desarrollo.grupomedios.com\/futbol\/destacado-home\/chicharito-fabian-nominados-al-11-ideal-la-temporada\/2017\/05","title":{"rendered":"Chicharito y Fabi\u00e1n, nominados al 11 ideal de la temporada"},"content":{"rendered":"<p>La Bundesliga ha puesto en marcha las votaciones para elegir a los mejores jugadores de la temporada 2016-17, y los mexicanos\u00a0<strong>Javier Chicharito Hern\u00e1ndez\u00a0<\/strong>y <strong>Marco Fabi\u00e1n\u00a0<\/strong>figuran entre las 33 aspirantes al once ideal.<\/p>\n<p style=\"text-align: center;\"><span style=\"color: #3366ff;\">VER M\u00c1S: Todas las noticias de futbol internacional<\/span><\/p>\n<blockquote class=\"twitter-tweet\" data-lang=\"es\">\n<p dir=\"ltr\" lang=\"es\">&#x1f6a8;VOTEN &#x1f6a8; Sus jugadores favoritos necesitan su ayuda para estar en el Equipo de la Temporada de la <a href=\"https:\/\/twitter.com\/hashtag\/Bundesliga?src=hash\">#Bundesliga<\/a> &#x1f449;<a href=\"https:\/\/t.co\/7iHrjf2JIp\">https:\/\/t.co\/7iHrjf2JIp<\/a> <a href=\"https:\/\/twitter.com\/hashtag\/TOTS?src=hash\">#TOTS<\/a> <a href=\"https:\/\/t.co\/KnEJGqVoX0\">pic.twitter.com\/KnEJGqVoX0<\/a><\/p>\n<p>\u2014 Bundesliga Espa\u00f1ol (@Bundesliga_ES) <a href=\"https:\/\/twitter.com\/Bundesliga_ES\/status\/859497896651227137\">2 de mayo de 2017<\/a><\/p><\/blockquote>\n<p><script async src=\"\/\/platform.twitter.com\/widgets.js\" charset=\"utf-8\"><\/script><\/p>\n<p><strong>Fabi\u00e1n<\/strong> es uno de los dos jugadores del Eintracht Frankfurt que figuran entre las 11 ternas y compite en la de segundo mejor mediocentro junto al chileno Arturo Vidal y el espa\u00f1ol Thiago Alcantara, del Bayern M\u00fanich.<\/p>\n<p>El mexicano ha tenido una buena campa\u00f1a y, pese a que sufri\u00f3 una lesi\u00f3n que le impidi\u00f3 disputar ocho partidos, ha logrado anotar siete goles y conseguido cuatro asistencias en 23 apariciones.<\/p>\n<p style=\"text-align: center;\"><a href=\"https:\/\/www.futboltotal.com.mx\/wp-content\/uploads\/2017\/05\/Fabian.jpg\"><img decoding=\"async\" loading=\"lazy\" class=\"alignnone size-full wp-image-477082\" src=\"https:\/\/www.futboltotal.com.mx\/wp-content\/uploads\/2017\/05\/Fabian.jpg\" alt=\"Chicharito y Fabi\u00e1n, nominados al 11 ideal de la temporada 0\" srcset=\"http:\/\/desarrollo.grupomedios.com\/futbol\/wp-content\/uploads\/2017\/05\/Fabian.jpg 601w, http:\/\/desarrollo.grupomedios.com\/futbol\/wp-content\/uploads\/2017\/05\/Fabian-236x300.jpg 236w\" sizes=\"(max-width: 601px) 100vw, 601px\" \/><\/a><\/p>\n<p>En lo que respecta a <strong>Chicharito<\/strong> Hern\u00e1ndez, es uno de los dos \u00fanicos futbolistas considerados del Bayer Leverkusen y opta a la distinci\u00f3n de segundo mejor delantero junto al gabon\u00e9s\u00a0Pierre- Emerik Aubameyang\u00a0y al franc\u00e9s Anthony Modeste, del Borussia Dortmund y Colonia, respectivamente.<\/p>\n<p>Aunque <em>CH7<\/em> sufri\u00f3 tres lesiones y se perdi\u00f3 seis partidos, ha disputado 24 partidos, marcado 10 goles y dado un par de asistencias.<\/p>\n<p><a href=\"https:\/\/www.futboltotal.com.mx\/wp-content\/uploads\/2017\/05\/Chica.jpg\"><img decoding=\"async\" loading=\"lazy\" class=\"size-full wp-image-477084 aligncenter\" src=\"https:\/\/www.futboltotal.com.mx\/wp-content\/uploads\/2017\/05\/Chica.jpg\" alt=\"Chicharito y Fabi\u00e1n, nominados al 11 ideal de la temporada 1\" srcset=\"http:\/\/desarrollo.grupomedios.com\/futbol\/wp-content\/uploads\/2017\/05\/Chica.jpg 601w, http:\/\/desarrollo.grupomedios.com\/futbol\/wp-content\/uploads\/2017\/05\/Chica-236x300.jpg 236w\" sizes=\"(max-width: 601px) 100vw, 601px\" \/><\/a><\/p>\n<p>A ambos futbolistas les restan tres jornadas de la temporada para aumentar su rendimiento y asegurar su inclusi\u00f3n en el mejor11 de la temporada 2016-17.<\/p>\n<p>Cabe apuntar que las votaciones para elegir a los mejores jugadores cierra el domingo 21 de mayo, justo el d\u00eda en que termina la temporada 2016-17 de la cual el Bayern M\u00fanich\u00a0se consagr\u00f3 campe\u00f3n a falta de 3 jornadas.<\/p>\n","protected":false},"excerpt":{"rendered":"<p>Los mexicanos compiten en 2 de las 11 ternas designadas por el campeonato alem\u00e1n.<\/p>\n","protected":false},"author":20,"featured_media":477088,"comment_status":"closed","ping_status":"closed","sticky":false,"template":"","format":"standard","meta":[],"categories":[5,3839,6822,6718],"tags":[549,131],"_links":{"self":[{"href":"http:\/\/desarrollo.grupomedios.com\/futbol\/wp-json\/wp\/v2\/posts\/477073"}],"collection":[{"href":"http:\/\/desarrollo.grupomedios.com\/futbol\/wp-json\/wp\/v2\/posts"}],"about":[{"href":"http:\/\/desarrollo.grupomedios.com\/futbol\/wp-json\/wp\/v2\/types\/post"}],"author":[{"embeddable":true,"href":"http:\/\/desarrollo.grupomedios.com\/futbol\/wp-json\/wp\/v2\/users\/20"}],"replies":[{"embeddable":true,"href":"http:\/\/desarrollo.grupomedios.com\/futbol\/wp-json\/wp\/v2\/comments?post=477073"}],"version-history":[{"count":1,"href":"http:\/\/desarrollo.grupomedios.com\/futbol\/wp-json\/wp\/v2\/posts\/477073\/revisions"}],"predecessor-version":[{"id":477089,"href":"http:\/\/desarrollo.grupomedios.com\/futbol\/wp-json\/wp\/v2\/posts\/477073\/revisions\/477089"}],"wp:featuredmedia":[{"embeddable":true,"href":"http:\/\/desarrollo.grupomedios.com\/futbol\/wp-json\/wp\/v2\/media\/477088"}],"wp:attachment":[{"href":"http:\/\/desarrollo.grupomedios.com\/futbol\/wp-json\/wp\/v2\/media?parent=477073"}],"wp:term":[{"taxonomy":"category","embeddable":true,"href":"http:\/\/desarrollo.grupomedios.com\/futbol\/wp-json\/wp\/v2\/categories?post=477073"},{"taxonomy":"post_tag","embeddable":true,"href":"http:\/\/desarrollo.grupomedios.com\/futbol\/wp-json\/wp\/v2\/tags?post=477073"}],"curies":[{"name":"wp","href":"https:\/\/api.w.org\/{rel}","templated":true}]}}