{"id":477075,"date":"2017-05-03T12:58:39","date_gmt":"2017-05-03T17:58:39","guid":{"rendered":"https:\/\/www.futboltotal.com.mx\/?p=477075"},"modified":"2017-05-03T12:58:39","modified_gmt":"2017-05-03T17:58:39","slug":"diego-lainez-america-es-equipo-mis-amores-soy-feliz-aqui","status":"publish","type":"post","link":"http:\/\/desarrollo.grupomedios.com\/futbol\/futbol-mexicano\/diego-lainez-america-es-equipo-mis-amores-soy-feliz-aqui\/2017\/05","title":{"rendered":"Diego Lainez: &#8220;Am\u00e9rica es el equipo de mis amores, soy feliz aqu\u00ed&#8221;"},"content":{"rendered":"<p>La aparici\u00f3n del joven <strong>Diego Lainez<\/strong> con el primer equipo del <strong>Am\u00e9rica<\/strong> ha venido a renovar a la plantilla azulcrema, adem\u00e1s de dar esperanzas de que se hable de un futuro \u00eddolo de las <em>\u00c1guilas<\/em>, por lo que el oriundo de Tabasco ya jura amor eterno a su club.<\/p>\n<p>&#8220;Am\u00e9rica es el equipo de mis amores y yo era feliz aqu\u00ed, mis pap\u00e1s me apoyaron en esto\u00a0(&#8230;)\u00a0He vivido mi sue\u00f1o gracias a Dios y estoy conviviendo con las personas que yo admiraba desde chico. Me siento muy contento por todo lo que estoy pasando&#8221;, dijo Lainez en entrevista para R\u00e9cord.<\/p>\n<p style=\"text-align: center;\"><span style=\"color: #333399;\"><a style=\"color: #333399;\" href=\"https:\/\/www.futboltotal.com.mx\/2017\/05\/chicharito-fabian-nominados-al-11-ideal-la-temporada\/\">VER M\u00c1S: Chicharito y Marco Fabi\u00e1n, nominados\u00a0al 11 ideal de la Bundesliga<\/a><\/span><\/p>\n<p>Diego vivi\u00f3 una primera experiencia dentro de las fuerzas b\u00e1sicas de un club de Primera Divisi\u00f3n con el <strong>Pachuca<\/strong>, pero en 2012 se le present\u00f3 la opci\u00f3n azulcrema que no dud\u00f3 en tomar y 5 a\u00f1os despu\u00e9s <strong>Ricardo La Volpe<\/strong> lo ha arropado para debutarlo.<\/p>\n<p>&#8220;\u00c9l ha platicado mucho conmigo y siempre me ha dado muy buenos consejos, estoy muy agradecido con \u00e9l por eso&#8221;, dijo Lainez sobre la confianza que le tiene el <em>Bigot\u00f3n<\/em>.<\/p>\n<p style=\"text-align: center;\"><span style=\"color: #333399;\"><a style=\"color: #333399;\" href=\"https:\/\/www.futboltotal.com.mx\/2017\/05\/jona-suena-jugar-en-mexico-junto-a-gio-dos-santos\/\">VER M\u00c1S: Jonathan quiere jugar con Gio Dos Santos&#8230; \u00a1En M\u00e9xico!<\/a><\/span><\/p>\n","protected":false},"excerpt":{"rendered":"<p>Lainez hace realidad su sue\u00f1o de ser jugador del Am\u00e9rica, de la mano de su familia y de La Volpe.<\/p>\n","protected":false},"author":20,"featured_media":476439,"comment_status":"closed","ping_status":"closed","sticky":false,"template":"","format":"standard","meta":[],"categories":[2198,3845],"tags":[1585,5959,8300,7440,8371,64,5968],"_links":{"self":[{"href":"http:\/\/desarrollo.grupomedios.com\/futbol\/wp-json\/wp\/v2\/posts\/477075"}],"collection":[{"href":"http:\/\/desarrollo.grupomedios.com\/futbol\/wp-json\/wp\/v2\/posts"}],"about":[{"href":"http:\/\/desarrollo.grupomedios.com\/futbol\/wp-json\/wp\/v2\/types\/post"}],"author":[{"embeddable":true,"href":"http:\/\/desarrollo.grupomedios.com\/futbol\/wp-json\/wp\/v2\/users\/20"}],"replies":[{"embeddable":true,"href":"http:\/\/desarrollo.grupomedios.com\/futbol\/wp-json\/wp\/v2\/comments?post=477075"}],"version-history":[{"count":1,"href":"http:\/\/desarrollo.grupomedios.com\/futbol\/wp-json\/wp\/v2\/posts\/477075\/revisions"}],"predecessor-version":[{"id":477102,"href":"http:\/\/desarrollo.grupomedios.com\/futbol\/wp-json\/wp\/v2\/posts\/477075\/revisions\/477102"}],"wp:featuredmedia":[{"embeddable":true,"href":"http:\/\/desarrollo.grupomedios.com\/futbol\/wp-json\/wp\/v2\/media\/476439"}],"wp:attachment":[{"href":"http:\/\/desarrollo.grupomedios.com\/futbol\/wp-json\/wp\/v2\/media?parent=477075"}],"wp:term":[{"taxonomy":"category","embeddable":true,"href":"http:\/\/desarrollo.grupomedios.com\/futbol\/wp-json\/wp\/v2\/categories?post=477075"},{"taxonomy":"post_tag","embeddable":true,"href":"http:\/\/desarrollo.grupomedios.com\/futbol\/wp-json\/wp\/v2\/tags?post=477075"}],"curies":[{"name":"wp","href":"https:\/\/api.w.org\/{rel}","templated":true}]}}