{"id":477110,"date":"2017-05-03T13:49:14","date_gmt":"2017-05-03T18:49:14","guid":{"rendered":"https:\/\/www.futboltotal.com.mx\/?p=477110"},"modified":"2017-05-03T13:49:14","modified_gmt":"2017-05-03T18:49:14","slug":"real-madrid-pierde-a-dani-carvajal-dos-semanas","status":"publish","type":"post","link":"http:\/\/desarrollo.grupomedios.com\/futbol\/futbol-internacional\/real-madrid-pierde-a-dani-carvajal-dos-semanas\/2017\/05","title":{"rendered":"Real Madrid pierde a Dani Carvajal dos semanas"},"content":{"rendered":"<p>Dani Carvajal, lateral derecho del Real Madrid, que se lesion\u00f3 en el <a href=\"https:\/\/www.futboltotal.com.mx\/2017\/05\/cristiano-marca-hat-trick-encarrila-al-real-madrid-a-la-final\/\" target=\"_blank\">partido de ida de las semifinales de Champions League ante el Atl\u00e9tico de Madrid<\/a>, sufre una lesi\u00f3n de grado 2 en el b\u00edceps femoral derecho, informa el club madrile\u00f1o en su p\u00e1gina web.<\/p>\n<p>La lesi\u00f3n podr\u00eda dejar al jugador fuera de los terrenos de juego entre tres y cuatro semanas, por lo que se perder\u00eda la parte final de LaLiga Santander y la vuelta de las semifinales de la Liga de Campeones, con el objetivo de estar recuperado para la final Cardiff, si el conjunto blanco finalmente se clasifica.<\/p>\n<p>El jugador del conjunto blanco se lesion\u00f3 en los \u00faltimos instantes de la primera parte del choque de ida que gan\u00f3 el Real Madrid 3-0 al Atl\u00e9tico de Madrid y que le deja a un paso de la gran final de Cardiff.<\/p>\n<p style=\"text-align: center;\"><span style=\"color: #3366ff;\"><a style=\"color: #3366ff;\" href=\"https:\/\/www.futboltotal.com.mx\/2017\/05\/chicharito-fabian-nominados-al-11-ideal-la-temporada\/\">VER M\u00c1S: Chicharito y Fabi\u00e1n, nominados al 11 ideal de la temporada<\/a><\/span><\/p>\n<p>Carvajal se lesion\u00f3 en la ca\u00edda, tras un salto, y sinti\u00f3 la lesi\u00f3n al iniciar la carrera, cuando se dej\u00f3 caer al c\u00e9sped haciendo gestos de que se hab\u00eda roto en la misma zona donde sufri\u00f3 su \u00faltima lesi\u00f3n el pasado mes de enero. Fue sustituido por Nacho Fern\u00e1ndez, tras el descanso, y el parte m\u00e9dico oficial proporcionado por el club madridista confirm\u00f3 una lesi\u00f3n muscular.<\/p>\n<blockquote class=\"twitter-tweet\" data-lang=\"es\">\n<p dir=\"ltr\" lang=\"es\">Parte M\u00e9dico de Carvajal.<\/p>\n<p>&#x1f449; <a href=\"https:\/\/t.co\/9ZlzGzPukv\">https:\/\/t.co\/9ZlzGzPukv<\/a><a href=\"https:\/\/twitter.com\/hashtag\/HalaMadrid?src=hash\">#HalaMadrid<\/a> <a href=\"https:\/\/t.co\/rXsKwBYGVF\">pic.twitter.com\/rXsKwBYGVF<\/a><\/p>\n<p>\u2014 Real Madrid C. F. (@realmadrid) <a href=\"https:\/\/twitter.com\/realmadrid\/status\/859801769991426048\">3 de mayo de 2017<\/a><\/p><\/blockquote>\n<p><script async src=\"\/\/platform.twitter.com\/widgets.js\" charset=\"utf-8\"><\/script><\/p>\n<p>El lateral derecho titular para Zinedine Zidane se perder\u00e1 con seguridad el encuentro liguero ante el Granada y el duelo europeo del Vicente Calder\u00f3n frente al Atl\u00e9tico de Madrid, equipo ante el que se ha lesionado en tres ocasiones. El diagn\u00f3stico proporcionado por el Real Madrid invita a pensar que tambi\u00e9n se perder\u00e1 los siguientes choques ante el Sevilla, el Celta y el M\u00e1laga.<\/p>\n<p>El objetivo del jugador y del cuerpo m\u00e9dico del Real Madrid ser\u00e1 recuperar a Carvajal para una hipot\u00e9tica final de la Liga de Campeones. \u00c9sta se disputar\u00e1 el pr\u00f3ximo s\u00e1bado 3 de junio en la capital galesa. EFE.<\/p>\n","protected":false},"excerpt":{"rendered":"<p>El espa\u00f1ol sali\u00f3 lesionado del duelo ante el Atl\u00e9tico de Madrid.<\/p>\n","protected":false},"author":144,"featured_media":460018,"comment_status":"closed","ping_status":"closed","sticky":false,"template":"","format":"standard","meta":[],"categories":[3839],"tags":[5988],"_links":{"self":[{"href":"http:\/\/desarrollo.grupomedios.com\/futbol\/wp-json\/wp\/v2\/posts\/477110"}],"collection":[{"href":"http:\/\/desarrollo.grupomedios.com\/futbol\/wp-json\/wp\/v2\/posts"}],"about":[{"href":"http:\/\/desarrollo.grupomedios.com\/futbol\/wp-json\/wp\/v2\/types\/post"}],"author":[{"embeddable":true,"href":"http:\/\/desarrollo.grupomedios.com\/futbol\/wp-json\/wp\/v2\/users\/144"}],"replies":[{"embeddable":true,"href":"http:\/\/desarrollo.grupomedios.com\/futbol\/wp-json\/wp\/v2\/comments?post=477110"}],"version-history":[{"count":1,"href":"http:\/\/desarrollo.grupomedios.com\/futbol\/wp-json\/wp\/v2\/posts\/477110\/revisions"}],"predecessor-version":[{"id":477114,"href":"http:\/\/desarrollo.grupomedios.com\/futbol\/wp-json\/wp\/v2\/posts\/477110\/revisions\/477114"}],"wp:featuredmedia":[{"embeddable":true,"href":"http:\/\/desarrollo.grupomedios.com\/futbol\/wp-json\/wp\/v2\/media\/460018"}],"wp:attachment":[{"href":"http:\/\/desarrollo.grupomedios.com\/futbol\/wp-json\/wp\/v2\/media?parent=477110"}],"wp:term":[{"taxonomy":"category","embeddable":true,"href":"http:\/\/desarrollo.grupomedios.com\/futbol\/wp-json\/wp\/v2\/categories?post=477110"},{"taxonomy":"post_tag","embeddable":true,"href":"http:\/\/desarrollo.grupomedios.com\/futbol\/wp-json\/wp\/v2\/tags?post=477110"}],"curies":[{"name":"wp","href":"https:\/\/api.w.org\/{rel}","templated":true}]}}