{"id":477112,"date":"2017-05-03T14:59:07","date_gmt":"2017-05-03T19:59:07","guid":{"rendered":"https:\/\/www.futboltotal.com.mx\/?p=477112"},"modified":"2017-05-03T15:06:56","modified_gmt":"2017-05-03T20:06:56","slug":"chivas-busca-desprenderse-definitivamente-del-gullit-pena","status":"publish","type":"post","link":"http:\/\/desarrollo.grupomedios.com\/futbol\/futbol-mexicano\/chivas-busca-desprenderse-definitivamente-del-gullit-pena\/2017\/05","title":{"rendered":"Chivas busca desprenderse definitivamente del Gullit Pe\u00f1a"},"content":{"rendered":"<p>El 6 de diciembre del 2015, las <strong>Chivas<\/strong><em>\u00a0<\/em>anunciaron con bombo y platillo la contrataci\u00f3n del mediocampista <strong><em>Gullit<\/em> Pe\u00f1a<\/strong>, Pagaron una cifra r\u00e9cord. Era el mediocampista de moda. Dos a\u00f1os despu\u00e9s y tras haberlo cedido a pr\u00e9stamo a los <em>Esmeraldas,\u00a0<\/em>el <em>Reba\u00f1o\u00a0<\/em>busca traspasarlo definitivamente.<\/p>\n<p>Alejado de aquel nivel con el que deslumbr\u00f3 en los<em> Panzas Verdes<\/em>\u00a0(que jam\u00e1s pudo mostrar con los <em>Rojiblancos),\u00a0<\/em>el <em>Gullit\u00a0<\/em>no es uno de los futbolistas que piense recuperar el club en el pr\u00f3ximo R\u00e9gimen de Transferencias, que tendr\u00e1 lugar el 5 y 8 de junio en Canc\u00fan, Quintana Roo. Su destino estar\u00e1 en cualquier club, menos en <em>Chivas.<\/em><\/p>\n<p style=\"text-align: center;\"><span style=\"color: #3366ff;\">VER M\u00c1S: Todas las noticias de futbol mexicano<\/span><\/p>\n<blockquote><p>&#8220;Lo \u00fanico que tienen claro en Chivas es que Pe\u00f1a nunca m\u00e1s volver\u00e1 a vestir de rojiblanco, por eso, desde ya est\u00e1n buscando la manera de deshacerse de \u00e9l&#8221;, publica este mi\u00e9rcoles el <em>Francotirador<\/em> en su columna del diario <em>R\u00e9cord.<\/em><\/p><\/blockquote>\n<p>En diciembre de 2016, <strong>Chivas<\/strong> acord\u00f3 con el Le\u00f3n el pr\u00e9stamo del <strong><em>Gullit<\/em> <\/strong>por un a\u00f1o con opci\u00f3n a compra; sin embargo el mediocampista tampoco tiene garantizada con continuidad con los <em>Esmeraldas<\/em>. Su bajo rendimiento y los problemas extracancha que ha protagonizado le han cobrado factura.<\/p>\n<blockquote><p>Sea con Le\u00f3n o no, las <strong>Chivas\u00a0<\/strong>solo desean recuperar parte los 8 millones de d\u00f3lares que pagaron al Le\u00f3n por su pase. No les ser\u00e1 sencillo, debido a que el futbolista tiene un alto salario. \u00bfEn qu\u00e9 club acabar\u00e1 Carlos Pe\u00f1a?<\/p><\/blockquote>\n<p>&nbsp;<\/p>\n","protected":false},"excerpt":{"rendered":"<p>El mediocampista ya no tiene cabida en el equipo que dirige Mat\u00edas Almeyda.<\/p>\n","protected":false},"author":20,"featured_media":477126,"comment_status":"closed","ping_status":"closed","sticky":false,"template":"","format":"standard","meta":[],"categories":[7740,2198,3845],"tags":[70,1754],"_links":{"self":[{"href":"http:\/\/desarrollo.grupomedios.com\/futbol\/wp-json\/wp\/v2\/posts\/477112"}],"collection":[{"href":"http:\/\/desarrollo.grupomedios.com\/futbol\/wp-json\/wp\/v2\/posts"}],"about":[{"href":"http:\/\/desarrollo.grupomedios.com\/futbol\/wp-json\/wp\/v2\/types\/post"}],"author":[{"embeddable":true,"href":"http:\/\/desarrollo.grupomedios.com\/futbol\/wp-json\/wp\/v2\/users\/20"}],"replies":[{"embeddable":true,"href":"http:\/\/desarrollo.grupomedios.com\/futbol\/wp-json\/wp\/v2\/comments?post=477112"}],"version-history":[{"count":2,"href":"http:\/\/desarrollo.grupomedios.com\/futbol\/wp-json\/wp\/v2\/posts\/477112\/revisions"}],"predecessor-version":[{"id":477132,"href":"http:\/\/desarrollo.grupomedios.com\/futbol\/wp-json\/wp\/v2\/posts\/477112\/revisions\/477132"}],"wp:featuredmedia":[{"embeddable":true,"href":"http:\/\/desarrollo.grupomedios.com\/futbol\/wp-json\/wp\/v2\/media\/477126"}],"wp:attachment":[{"href":"http:\/\/desarrollo.grupomedios.com\/futbol\/wp-json\/wp\/v2\/media?parent=477112"}],"wp:term":[{"taxonomy":"category","embeddable":true,"href":"http:\/\/desarrollo.grupomedios.com\/futbol\/wp-json\/wp\/v2\/categories?post=477112"},{"taxonomy":"post_tag","embeddable":true,"href":"http:\/\/desarrollo.grupomedios.com\/futbol\/wp-json\/wp\/v2\/tags?post=477112"}],"curies":[{"name":"wp","href":"https:\/\/api.w.org\/{rel}","templated":true}]}}