{"id":477116,"date":"2017-05-03T14:04:54","date_gmt":"2017-05-03T19:04:54","guid":{"rendered":"https:\/\/www.futboltotal.com.mx\/?p=477116"},"modified":"2017-05-03T14:04:54","modified_gmt":"2017-05-03T19:04:54","slug":"invasion-a-la-cancha-del-victor-manuel-reyna-fue-planeada","status":"publish","type":"post","link":"http:\/\/desarrollo.grupomedios.com\/futbol\/futbol-mexicano\/invasion-a-la-cancha-del-victor-manuel-reyna-fue-planeada\/2017\/05","title":{"rendered":"\u00a1\u00bfInvasi\u00f3n a la cancha del V\u00edctor Manuel Reyna fue planeada?!"},"content":{"rendered":"<p>El caso de la invasi\u00f3n de aficionados al terreno de juego del <strong>estadio V\u00edctor Manuel Reyna<\/strong>, durante el final del partido entre <strong>Chiapas<\/strong> y Santos ha abierto un nuevo cap\u00edtulo de pol\u00e9mica, pues luego de darse a conocer la cantidad de detenidos, entre los que iban menores, surgi\u00f3 informaci\u00f3n sobre un pacto entre directiva e hinchas<em> Jaguares<\/em>, para ingresar al campo.<\/p>\n<p>De acuerdo a la columna del <em>Francotirador<\/em> del <em>diario R\u00e9cord<\/em>, directiva de <strong>Chiapas<\/strong>, elementos de seguridad y aficionados, estaban de acuerdo para la intromisi\u00f3n de seguidores del <em>Jaguar<\/em>, con tal de cortarle el ritmo a los jugadores de Santos.<\/p>\n<p>\u201cDirectiva y algunos \u2018barristas\u2019, junto a miembros de seguridad, estaban de acuerdo para que se registrara una \u2018peque\u00f1a\u2019 invasi\u00f3n al terreno de juego y as\u00ed romper el ritmo a los de Torre\u00f3n e incluso quer\u00edan que se pudiera reprogramar el juego\u201d, indic\u00f3 la columna de rumores.<\/p>\n<p style=\"text-align: center;\"><span style=\"color: #3366ff;\"><a style=\"color: #3366ff;\" href=\"https:\/\/www.futboltotal.com.mx\/2017\/05\/chiapas-reporta-26-detenidos-invasion-al-campo\/\" target=\"_blank\"><strong>VER M\u00c1S: Detienen a 9 menores por invasi\u00f3n al campo del V\u00edctor Manuel Reyna<\/strong><\/a><\/span><\/p>\n<p>Cabe destacar que ocurrieron dos cosas en contra del <em>Jaguar,<\/em> pues la invasi\u00f3n se le sali\u00f3 de control a la directiva y a los elementos de seguridad, adem\u00e1s de que el equipo que result\u00f3 m\u00e1s afectado fue <strong>Chiapas<\/strong>, pues ellos dominaban el encuentro y ten\u00edan bal\u00f3n parado a favor, al momento de la invasi\u00f3n.<\/p>\n<p><strong>S\u00edguenos en Twitter<\/strong>: <a href=\"https:\/\/twitter.com\/MXFutbolTotal\" target=\"_blank\">@MXFutbolTotal<\/a><\/p>\n","protected":false},"excerpt":{"rendered":"<p>Afirman que directivos del Jaguar y aficionados, ten\u00edan pactado el acto espont\u00e1neo.<\/p>\n","protected":false},"author":20,"featured_media":477117,"comment_status":"closed","ping_status":"closed","sticky":false,"template":"","format":"standard","meta":[],"categories":[2198,3845],"tags":[5964],"_links":{"self":[{"href":"http:\/\/desarrollo.grupomedios.com\/futbol\/wp-json\/wp\/v2\/posts\/477116"}],"collection":[{"href":"http:\/\/desarrollo.grupomedios.com\/futbol\/wp-json\/wp\/v2\/posts"}],"about":[{"href":"http:\/\/desarrollo.grupomedios.com\/futbol\/wp-json\/wp\/v2\/types\/post"}],"author":[{"embeddable":true,"href":"http:\/\/desarrollo.grupomedios.com\/futbol\/wp-json\/wp\/v2\/users\/20"}],"replies":[{"embeddable":true,"href":"http:\/\/desarrollo.grupomedios.com\/futbol\/wp-json\/wp\/v2\/comments?post=477116"}],"version-history":[{"count":1,"href":"http:\/\/desarrollo.grupomedios.com\/futbol\/wp-json\/wp\/v2\/posts\/477116\/revisions"}],"predecessor-version":[{"id":477118,"href":"http:\/\/desarrollo.grupomedios.com\/futbol\/wp-json\/wp\/v2\/posts\/477116\/revisions\/477118"}],"wp:featuredmedia":[{"embeddable":true,"href":"http:\/\/desarrollo.grupomedios.com\/futbol\/wp-json\/wp\/v2\/media\/477117"}],"wp:attachment":[{"href":"http:\/\/desarrollo.grupomedios.com\/futbol\/wp-json\/wp\/v2\/media?parent=477116"}],"wp:term":[{"taxonomy":"category","embeddable":true,"href":"http:\/\/desarrollo.grupomedios.com\/futbol\/wp-json\/wp\/v2\/categories?post=477116"},{"taxonomy":"post_tag","embeddable":true,"href":"http:\/\/desarrollo.grupomedios.com\/futbol\/wp-json\/wp\/v2\/tags?post=477116"}],"curies":[{"name":"wp","href":"https:\/\/api.w.org\/{rel}","templated":true}]}}