{"id":477121,"date":"2017-05-03T14:31:21","date_gmt":"2017-05-03T19:31:21","guid":{"rendered":"https:\/\/www.futboltotal.com.mx\/?p=477121"},"modified":"2017-05-03T14:31:21","modified_gmt":"2017-05-03T19:31:21","slug":"moises-munoz-sucesor-jesus-corona-en-cruz-azul","status":"publish","type":"post","link":"http:\/\/desarrollo.grupomedios.com\/futbol\/futbol-mexicano\/moises-munoz-sucesor-jesus-corona-en-cruz-azul\/2017\/05","title":{"rendered":"Mois\u00e9s Mu\u00f1oz, \u00bfel sucesor de Jes\u00fas Corona en Cruz Azul?"},"content":{"rendered":"<p>El tiempo de <strong>Mois\u00e9s Mu\u00f1oz<\/strong> en <em>Jaguares<\/em> de Chiapas est\u00e1 agonizando, pues los seis meses a pr\u00e9stamo en que lo cedi\u00f3 Am\u00e9rica concluir\u00e1n tras finalizar la campa\u00f1a, y ya que no hay espacio para el cancerbero de regreso en Coapa, su destino, ser\u00eda con uno de los archirrivales de las \u00c1guilas, <strong>Cruz Azul<\/strong>.<\/p>\n<p>De acuerdo al portal de <em>Tiempo Real<\/em>, el agente de <strong>Mois\u00e9s Mu\u00f1oz<\/strong> se puso en contacto con <strong>Cruz Azul<\/strong>, para proponerles refrescar su marco, y las declaraciones recientes de Jes\u00fas Corona sobre el final de su Era en la <em>M\u00e1quina<\/em> facilitar\u00edan la transici\u00f3n.<\/p>\n<p style=\"text-align: center;\"><span style=\"color: #3366ff;\"><a style=\"color: #3366ff;\" href=\"https:\/\/www.futboltotal.com.mx\/2017\/05\/cauteruccio-cruz-azul-queremos-cerrarle-pico-criticos\/\" target=\"_blank\"><strong>VER M\u00c1S: Cauteruccio se\u00f1ala que callar\u00e1n bocas<\/strong><\/a><\/span><\/p>\n<p>\u201cMe enter\u00e9 que el portero de <em>Jaguares<\/em> (<strong>Mois\u00e9s Mu\u00f1oz<\/strong>) podr\u00eda irse a<strong> Cruz Azul<\/strong>. Te mentir\u00eda si supiera qui\u00e9n busc\u00f3 a qui\u00e9n, pero creo que la gente del portero es la que habr\u00eda contactado al Cruz Azul\u201d inform\u00f3 el portal deportivo mexicano.<\/p>\n<p><a href=\"https:\/\/www.futboltotal.com.mx\/wp-content\/uploads\/2017\/05\/tiempo-real-moises-munoz.jpg\"><img decoding=\"async\" loading=\"lazy\" class=\"alignnone size-full wp-image-477123\" src=\"https:\/\/www.futboltotal.com.mx\/wp-content\/uploads\/2017\/05\/tiempo-real-moises-munoz.jpg\" alt=\"Mois\u00e9s Mu\u00f1oz, \u00bfel sucesor de Jes\u00fas Corona en Cruz Azul? 0\" srcset=\"http:\/\/desarrollo.grupomedios.com\/futbol\/wp-content\/uploads\/2017\/05\/tiempo-real-moises-munoz.jpg 1136w, http:\/\/desarrollo.grupomedios.com\/futbol\/wp-content\/uploads\/2017\/05\/tiempo-real-moises-munoz-300x169.jpg 300w, http:\/\/desarrollo.grupomedios.com\/futbol\/wp-content\/uploads\/2017\/05\/tiempo-real-moises-munoz-768x432.jpg 768w, http:\/\/desarrollo.grupomedios.com\/futbol\/wp-content\/uploads\/2017\/05\/tiempo-real-moises-munoz-1024x576.jpg 1024w, http:\/\/desarrollo.grupomedios.com\/futbol\/wp-content\/uploads\/2017\/05\/tiempo-real-moises-munoz-317x178.jpg 317w, http:\/\/desarrollo.grupomedios.com\/futbol\/wp-content\/uploads\/2017\/05\/tiempo-real-moises-munoz-535x301.jpg 535w, http:\/\/desarrollo.grupomedios.com\/futbol\/wp-content\/uploads\/2017\/05\/tiempo-real-moises-munoz-374x210.jpg 374w\" sizes=\"(max-width: 1136px) 100vw, 1136px\" \/><\/a><\/p>\n<p>S\u00edguenos en Twiter: <a href=\"https:\/\/twitter.com\/MXFutbolTotal\" target=\"_blank\">@MXFutbolTotal<\/a><\/p>\n","protected":false},"excerpt":{"rendered":"<p>El cancerbero del Jaguar ya habr\u00eda iniciado conversaciones con la M\u00e1quina.<\/p>\n","protected":false},"author":20,"featured_media":477124,"comment_status":"closed","ping_status":"closed","sticky":false,"template":"","format":"standard","meta":[],"categories":[2198,3845],"tags":[5962,635],"_links":{"self":[{"href":"http:\/\/desarrollo.grupomedios.com\/futbol\/wp-json\/wp\/v2\/posts\/477121"}],"collection":[{"href":"http:\/\/desarrollo.grupomedios.com\/futbol\/wp-json\/wp\/v2\/posts"}],"about":[{"href":"http:\/\/desarrollo.grupomedios.com\/futbol\/wp-json\/wp\/v2\/types\/post"}],"author":[{"embeddable":true,"href":"http:\/\/desarrollo.grupomedios.com\/futbol\/wp-json\/wp\/v2\/users\/20"}],"replies":[{"embeddable":true,"href":"http:\/\/desarrollo.grupomedios.com\/futbol\/wp-json\/wp\/v2\/comments?post=477121"}],"version-history":[{"count":1,"href":"http:\/\/desarrollo.grupomedios.com\/futbol\/wp-json\/wp\/v2\/posts\/477121\/revisions"}],"predecessor-version":[{"id":477125,"href":"http:\/\/desarrollo.grupomedios.com\/futbol\/wp-json\/wp\/v2\/posts\/477121\/revisions\/477125"}],"wp:featuredmedia":[{"embeddable":true,"href":"http:\/\/desarrollo.grupomedios.com\/futbol\/wp-json\/wp\/v2\/media\/477124"}],"wp:attachment":[{"href":"http:\/\/desarrollo.grupomedios.com\/futbol\/wp-json\/wp\/v2\/media?parent=477121"}],"wp:term":[{"taxonomy":"category","embeddable":true,"href":"http:\/\/desarrollo.grupomedios.com\/futbol\/wp-json\/wp\/v2\/categories?post=477121"},{"taxonomy":"post_tag","embeddable":true,"href":"http:\/\/desarrollo.grupomedios.com\/futbol\/wp-json\/wp\/v2\/tags?post=477121"}],"curies":[{"name":"wp","href":"https:\/\/api.w.org\/{rel}","templated":true}]}}