{"id":477137,"date":"2017-05-03T15:33:54","date_gmt":"2017-05-03T20:33:54","guid":{"rendered":"https:\/\/www.futboltotal.com.mx\/?p=477137"},"modified":"2017-05-03T15:33:54","modified_gmt":"2017-05-03T20:33:54","slug":"crean-rap-matias-almeyda","status":"publish","type":"post","link":"http:\/\/desarrollo.grupomedios.com\/futbol\/videos\/crean-rap-matias-almeyda\/2017\/05","title":{"rendered":"\u00a1Crean el rap de Mat\u00edas Almeyda!"},"content":{"rendered":"<p>A trav\u00e9s de redes sociales, <strong>Mat\u00edas Almeyda<\/strong> comparti\u00f3 complacido, una canci\u00f3n que le compuso <em>Cuatro Divango<\/em>, un joven rapero aficionado a las <strong>Chivas<\/strong>, que cre\u00f3 el rap del <em>Pelado<\/em>. El m\u00fasico acostumbra hacer melod\u00edas entorno al <em>Reba\u00f1o Sagrado<\/em>, que comparte a trav\u00e9s de su canal de Youtube y su p\u00e1gina de Facebook.<\/p>\n<p style=\"text-align: center;\"><span style=\"color: #3366ff;\"><a style=\"color: #3366ff;\" href=\"https:\/\/www.futboltotal.com.mx\/2017\/05\/invasion-a-la-cancha-del-victor-manuel-reyna-fue-planeada\/\" target=\"_blank\"><strong>VER M\u00c1S: Habr\u00edan pactado la invasi\u00f3n al V\u00edctor Manuel Reyna<\/strong><\/a><\/span><\/p>\n<blockquote class=\"twitter-tweet\" data-lang=\"es\">\n<p dir=\"ltr\" lang=\"es\">MATIAS ALMEYDA RAP <a href=\"https:\/\/twitter.com\/CuatroDivango\">@CuatroDivango<\/a> gracias.! <a href=\"https:\/\/t.co\/hxjdjqfe4d\">https:\/\/t.co\/hxjdjqfe4d<\/a><\/p>\n<p>\u2014 Mat\u00edas Jes\u00fas Almeyda (@peladoalmeyda) <a href=\"https:\/\/twitter.com\/peladoalmeyda\/status\/859863761120673792\">3 de mayo de 2017<\/a><\/p><\/blockquote>\n<p><script async src=\"\/\/platform.twitter.com\/widgets.js\" charset=\"utf-8\"><\/script><\/p>\n<p><strong>S\u00edguenos en Twitter<\/strong>: <a href=\"https:\/\/twitter.com\/MXFutbolTotal\" target=\"_blank\">@MXFutbolTotal<\/a><\/p>\n","protected":false},"excerpt":{"rendered":"<p>El director t\u00e9cnico del Guadalajara, qued\u00f3 contento con la composici\u00f3n.<\/p>\n","protected":false},"author":20,"featured_media":477138,"comment_status":"closed","ping_status":"closed","sticky":false,"template":"","format":"standard","meta":[],"categories":[5419,4,6433],"tags":[70,1420],"_links":{"self":[{"href":"http:\/\/desarrollo.grupomedios.com\/futbol\/wp-json\/wp\/v2\/posts\/477137"}],"collection":[{"href":"http:\/\/desarrollo.grupomedios.com\/futbol\/wp-json\/wp\/v2\/posts"}],"about":[{"href":"http:\/\/desarrollo.grupomedios.com\/futbol\/wp-json\/wp\/v2\/types\/post"}],"author":[{"embeddable":true,"href":"http:\/\/desarrollo.grupomedios.com\/futbol\/wp-json\/wp\/v2\/users\/20"}],"replies":[{"embeddable":true,"href":"http:\/\/desarrollo.grupomedios.com\/futbol\/wp-json\/wp\/v2\/comments?post=477137"}],"version-history":[{"count":1,"href":"http:\/\/desarrollo.grupomedios.com\/futbol\/wp-json\/wp\/v2\/posts\/477137\/revisions"}],"predecessor-version":[{"id":477140,"href":"http:\/\/desarrollo.grupomedios.com\/futbol\/wp-json\/wp\/v2\/posts\/477137\/revisions\/477140"}],"wp:featuredmedia":[{"embeddable":true,"href":"http:\/\/desarrollo.grupomedios.com\/futbol\/wp-json\/wp\/v2\/media\/477138"}],"wp:attachment":[{"href":"http:\/\/desarrollo.grupomedios.com\/futbol\/wp-json\/wp\/v2\/media?parent=477137"}],"wp:term":[{"taxonomy":"category","embeddable":true,"href":"http:\/\/desarrollo.grupomedios.com\/futbol\/wp-json\/wp\/v2\/categories?post=477137"},{"taxonomy":"post_tag","embeddable":true,"href":"http:\/\/desarrollo.grupomedios.com\/futbol\/wp-json\/wp\/v2\/tags?post=477137"}],"curies":[{"name":"wp","href":"https:\/\/api.w.org\/{rel}","templated":true}]}}