{"id":477145,"date":"2017-05-03T16:17:21","date_gmt":"2017-05-03T21:17:21","guid":{"rendered":"https:\/\/www.futboltotal.com.mx\/?p=477145"},"modified":"2017-05-03T16:20:11","modified_gmt":"2017-05-03T21:20:11","slug":"idolos-del-futbol-mundial-francesco-totti-eterno-capitano-la-roma","status":"publish","type":"post","link":"http:\/\/desarrollo.grupomedios.com\/futbol\/videos\/idolos-del-futbol-mundial-francesco-totti-eterno-capitano-la-roma\/2017\/05","title":{"rendered":"\u00cddolos del futbol mundial: Francesco Totti, el eterno Capitano de la Roma"},"content":{"rendered":"<p>\u201cNunca olvides tu primera vez\u201d, dice Francesco <strong>Totti<\/strong>. Considerando que alguna vez confes\u00f3 que perdi\u00f3 la virginidad a los 12 a\u00f1os, habr\u00e1 qui\u00e9n piense que se refiere a eso. Pero \u00e9l aclara:\u201dFue mi debut en la Serie A con la playera <em>giallorossa <\/em>de la Roma, \u00a1un sue\u00f1o hecho realidad!.<\/p>\n<p>Parece que fue ayer cuando el mediocampista jug\u00f3 su primer partido con el AS Roma; sin embargo han pasado 24 a\u00f1os largos a\u00f1os y, hoy, aquel juvenil entusiasta es una leyenda viviente del lienzo verde que ha confirmado su retirada. A partir del pr\u00f3ximo curso no jugar\u00e1 m\u00e1s. Se ir\u00e1 con la gran satisfacci\u00f3n de haber formado parte del prestigioso gremio del <em>One Club Men,\u00a0<\/em>como el m\u00e1ximo anotador de la Roma, el segundo mejor de la Serie A y consagrado como uno de los <strong>\u00eddolos del futbol mundial.<\/strong> Gracie, <strong>Francesco\u00a0Totti.<\/strong><\/p>\n<p style=\"text-align: center;\"><span style=\"color: #3366ff;\">VER M\u00c1S: Todas las noticias de futbol internacional<\/span><\/p>\n<p>[video_player]https:\/\/player.vimeo.com\/external\/215896249.hd.mp4?s=a140dc71824094ee94fa006f1ca115fefb379a32&amp;profile_id=119[\/video_player]<\/p>\n<p><span style=\"color: #3366ff;\"><a style=\"color: #3366ff;\" href=\"http:\/\/www.kicktv.com\/\" target=\"_blank\">Video cortes\u00eda de KickT<\/a>v | <a style=\"color: #3366ff;\" href=\"https:\/\/twitter.com\/KICK\" target=\"_blank\">Twitter de Kick<\/a> | <a style=\"color: #3366ff;\" href=\"https:\/\/www.facebook.com\/kick\/\" target=\"_blank\">Facebook Kick<\/a><\/span><\/p>\n<p><span style=\"color: #3366ff;\"><b>S\u00edguenos en <span id=\"m_-2415482759508325492goog_2054972132\"><\/span>Twitter <a style=\"color: #3366ff;\" href=\"https:\/\/twitter.com\/MXFutbolTotal\" target=\"_blank\" data-saferedirecturl=\"https:\/\/www.google.com\/url?hl=es&amp;q=https:\/\/twitter.com\/MXFutbolTotal&amp;source=gmail&amp;ust=1484407790065000&amp;usg=AFQjCNEcr6bC04EkibLDKNautj_QSN_K9Q\">@MXFutbolTotal<\/a><\/b><\/span><\/p>\n","protected":false},"excerpt":{"rendered":"<p>As\u00ed fue la gran historia que vivi\u00f3 Totti en 25 a\u00f1os que solo ha jugado con la Roma.<\/p>\n","protected":false},"author":20,"featured_media":477146,"comment_status":"closed","ping_status":"closed","sticky":false,"template":"","format":"standard","meta":[],"categories":[7570,3839,3848,4],"tags":[2618,2619],"_links":{"self":[{"href":"http:\/\/desarrollo.grupomedios.com\/futbol\/wp-json\/wp\/v2\/posts\/477145"}],"collection":[{"href":"http:\/\/desarrollo.grupomedios.com\/futbol\/wp-json\/wp\/v2\/posts"}],"about":[{"href":"http:\/\/desarrollo.grupomedios.com\/futbol\/wp-json\/wp\/v2\/types\/post"}],"author":[{"embeddable":true,"href":"http:\/\/desarrollo.grupomedios.com\/futbol\/wp-json\/wp\/v2\/users\/20"}],"replies":[{"embeddable":true,"href":"http:\/\/desarrollo.grupomedios.com\/futbol\/wp-json\/wp\/v2\/comments?post=477145"}],"version-history":[{"count":3,"href":"http:\/\/desarrollo.grupomedios.com\/futbol\/wp-json\/wp\/v2\/posts\/477145\/revisions"}],"predecessor-version":[{"id":477150,"href":"http:\/\/desarrollo.grupomedios.com\/futbol\/wp-json\/wp\/v2\/posts\/477145\/revisions\/477150"}],"wp:featuredmedia":[{"embeddable":true,"href":"http:\/\/desarrollo.grupomedios.com\/futbol\/wp-json\/wp\/v2\/media\/477146"}],"wp:attachment":[{"href":"http:\/\/desarrollo.grupomedios.com\/futbol\/wp-json\/wp\/v2\/media?parent=477145"}],"wp:term":[{"taxonomy":"category","embeddable":true,"href":"http:\/\/desarrollo.grupomedios.com\/futbol\/wp-json\/wp\/v2\/categories?post=477145"},{"taxonomy":"post_tag","embeddable":true,"href":"http:\/\/desarrollo.grupomedios.com\/futbol\/wp-json\/wp\/v2\/tags?post=477145"}],"curies":[{"name":"wp","href":"https:\/\/api.w.org\/{rel}","templated":true}]}}