{"id":477170,"date":"2017-05-03T18:12:47","date_gmt":"2017-05-03T23:12:47","guid":{"rendered":"https:\/\/www.futboltotal.com.mx\/?p=477170"},"modified":"2017-05-03T18:12:47","modified_gmt":"2017-05-03T23:12:47","slug":"chiapas-veracruz-los-equipos-ya-deberian-estar-descendidos","status":"publish","type":"post","link":"http:\/\/desarrollo.grupomedios.com\/futbol\/futbol-mexicano\/chiapas-veracruz-los-equipos-ya-deberian-estar-descendidos\/2017\/05","title":{"rendered":"Chiapas y Veracruz, \u00bflos equipos que ya deber\u00edan estar descendidos?"},"content":{"rendered":"<p>El desenlace del descenso de la Liga MX, se definir\u00e1 en la \u00faltima jornada del Clausura 2017, donde <strong>Jaguares de Chiapas<\/strong> y Monarcas Morelia, luchar\u00e1n por la permanencia; mientras que <strong>Veracruz<\/strong> espera cerrar dignamente, y tal vez, hasta meterse a la Liguilla.<\/p>\n<p>Deportivamente, la lucha entre estos tres equipos ha sido pareja durante el Clausura 2017, pero fuera de la cancha, dos de ellos han incumplido con normas importantes de la Liga MX: <strong>Veracruz<\/strong> y <strong>Chiapas<\/strong>, quienes por sus faltas, ya habr\u00edan condicionado su permanencia en Primera Divisi\u00f3n.<\/p>\n<p>El caso de Chiapas es conocido por todos, pues a finales de 2016 se hab\u00eda aclarado que si la directiva no cubr\u00eda los adeudos a sus futbolistas antes del 6 de enero de 2017, el equipo deb\u00eda de descender, situaci\u00f3n que no ocurri\u00f3, pese a que hab\u00eda jugadores que a\u00fan se quejaban de no haber recibido su paga despu\u00e9s de la fecha marcada, entre ellos, Egidio Ar\u00e9valo.<\/p>\n<p>Ante ello y la presi\u00f3n de la prensa para aclarar la situaci\u00f3n de Chiapas, Enrique Bonilla ofreci\u00f3 una conferencia para aclarar que el Jaguar ya hab\u00eda liquidado a sus futbolistas; no obstante, durante el desarrollo del Clausura 2017, a\u00fan hab\u00eda quejas de adeudos, no solo en el primer equipo, sino en las filiales, adem\u00e1s de que en Puebla, franquicia hermana de Jaguares, tambi\u00e9n surgi\u00f3 informaci\u00f3n sobre falta de pagos.<\/p>\n<blockquote class=\"twitter-tweet\" data-lang=\"es\">\n<p dir=\"ltr\" lang=\"es\">Jaguares liquidar\u00e1 adeudos esta semana: Chargoy &#8211; <a href=\"https:\/\/t.co\/dvBQvb3SgO\">https:\/\/t.co\/dvBQvb3SgO<\/a> <a href=\"https:\/\/t.co\/y1Dz0WuoFR\">https:\/\/t.co\/y1Dz0WuoFR<\/a> <a href=\"https:\/\/t.co\/1qNAMKWjgD\">pic.twitter.com\/1qNAMKWjgD<\/a><\/p>\n<p>\u2014 PasionSports.com (@PasionSports) <a href=\"https:\/\/twitter.com\/PasionSports\/status\/859814592666509312\">3 de mayo de 2017<\/a><\/p><\/blockquote>\n<p><script async src=\"\/\/platform.twitter.com\/widgets.js\" charset=\"utf-8\"><\/script><\/p>\n<p>Por su parte Veracruz, habr\u00eda visto el descenso por culpa de su due\u00f1o, Fidel Kuri Grajales, quien ha incumplido en varias ocasiones, con el reglamento de la Federaci\u00f3n Mexicana de Futbol, ya que desde 2015 tiene actividad pol\u00edtica en la entidad donde juega su equipo, una acci\u00f3n que proh\u00edbe por el organismo rector del futbol nacional.<\/p>\n<p style=\"text-align: center;\"><span style=\"color: #3366ff;\"><a style=\"color: #3366ff;\" href=\"https:\/\/www.futboltotal.com.mx\/2017\/05\/invasion-a-la-cancha-del-victor-manuel-reyna-fue-planeada\/\" target=\"_blank\"><strong>VER M\u00c1S: Invasi\u00f3n a cancha de Jaguares, habr\u00eda sido planeada<\/strong><\/a><\/span><\/p>\n<p>\u201cTodo el que est\u00e9 sujeto al C\u00f3digo de \u00c9tica de la FMF, deber\u00e1 de mantener una postura neutral, en asuntos de car\u00e1cter religioso y pol\u00edtico\u201d, indica el reglamento, \u201cpor esta raz\u00f3n, cualquier miembro federado, con intereses en los rubros mencionados, tendr\u00eda que elegir entre el ejercicio de las actividades relacionadas con el futbol o el activismo pol\u00edtico\/religioso\u201d.<\/p>\n<p>Adem\u00e1s, Fidel Kuri llev\u00f3 esta violaci\u00f3n a un nivel de descaro, pues en su propaganda pol\u00edtica de los \u00faltimos d\u00edas, ha mezclado su actividad como funcionario con la del futbol, tras la salvaci\u00f3n de los <em>Tiburones<\/em>.<\/p>\n<blockquote class=\"twitter-tweet\" data-lang=\"es\">\n<p dir=\"ltr\" lang=\"es\">De esos servicios que luego damos por hecho el trabajo que realizan los Trabajadores de Limpia hace que podamos tener un <a href=\"https:\/\/twitter.com\/hashtag\/VeracruzDePrimera?src=hash\">#VeracruzDePrimera<\/a> <a href=\"https:\/\/t.co\/ZX0gMTqy7Q\">pic.twitter.com\/ZX0gMTqy7Q<\/a><\/p>\n<p>\u2014 Fidel Kuri Grajales (@fidelkugra) <a href=\"https:\/\/twitter.com\/fidelkugra\/status\/859400180138823680\">2 de mayo de 2017<\/a><\/p><\/blockquote>\n<p><script async src=\"\/\/platform.twitter.com\/widgets.js\" charset=\"utf-8\"><\/script><\/p>\n<p>Cabe destacar, que el due\u00f1o de Veracruz tambi\u00e9n incurri\u00f3 en desacato, luego de que la FMF lo inhabilitara de toda actividad ligada al futbol, durante un a\u00f1o ocho meses. El empresario viol\u00f3 la sanci\u00f3n, justo en la jornada 16, tras la victoria de los <em>Tiburones<\/em> ante Monterrey, cuando el castigo segu\u00eda vigente.<\/p>\n<blockquote class=\"twitter-tweet\" data-lang=\"es\">\n<p dir=\"ltr\" lang=\"es\">Gracias a los jugadores, cuerpo t\u00e9cnico, directivos, afici\u00f3n y toda la familia tibur\u00f3n por la entrega y dedicaci\u00f3n. \u26bd\ufe0f <a href=\"https:\/\/twitter.com\/hashtag\/ElTibuNoSeVa?src=hash\">#ElTibuNoSeVa<\/a> <a href=\"https:\/\/t.co\/DcVkzuzFwQ\">pic.twitter.com\/DcVkzuzFwQ<\/a><\/p>\n<p>\u2014 Fidel Kuri Grajales (@fidelkugra) <a href=\"https:\/\/twitter.com\/fidelkugra\/status\/858184876289392640\">29 de abril de 2017<\/a><\/p><\/blockquote>\n<p><script async src=\"\/\/platform.twitter.com\/widgets.js\" charset=\"utf-8\"><\/script><\/p>\n<p>S\u00edguenos en Twitter: <a href=\"https:\/\/twitter.com\/MXFutbolTotal\" target=\"_blank\">@MXFutbolTotal<\/a><\/p>\n","protected":false},"excerpt":{"rendered":"<p>Jaguares y Tiburones han incurrido en faltas graves, con situaciones extra-cancha.<\/p>\n","protected":false},"author":20,"featured_media":477171,"comment_status":"closed","ping_status":"closed","sticky":false,"template":"","format":"standard","meta":[],"categories":[2198,3845],"tags":[5964,6049],"_links":{"self":[{"href":"http:\/\/desarrollo.grupomedios.com\/futbol\/wp-json\/wp\/v2\/posts\/477170"}],"collection":[{"href":"http:\/\/desarrollo.grupomedios.com\/futbol\/wp-json\/wp\/v2\/posts"}],"about":[{"href":"http:\/\/desarrollo.grupomedios.com\/futbol\/wp-json\/wp\/v2\/types\/post"}],"author":[{"embeddable":true,"href":"http:\/\/desarrollo.grupomedios.com\/futbol\/wp-json\/wp\/v2\/users\/20"}],"replies":[{"embeddable":true,"href":"http:\/\/desarrollo.grupomedios.com\/futbol\/wp-json\/wp\/v2\/comments?post=477170"}],"version-history":[{"count":1,"href":"http:\/\/desarrollo.grupomedios.com\/futbol\/wp-json\/wp\/v2\/posts\/477170\/revisions"}],"predecessor-version":[{"id":477172,"href":"http:\/\/desarrollo.grupomedios.com\/futbol\/wp-json\/wp\/v2\/posts\/477170\/revisions\/477172"}],"wp:featuredmedia":[{"embeddable":true,"href":"http:\/\/desarrollo.grupomedios.com\/futbol\/wp-json\/wp\/v2\/media\/477171"}],"wp:attachment":[{"href":"http:\/\/desarrollo.grupomedios.com\/futbol\/wp-json\/wp\/v2\/media?parent=477170"}],"wp:term":[{"taxonomy":"category","embeddable":true,"href":"http:\/\/desarrollo.grupomedios.com\/futbol\/wp-json\/wp\/v2\/categories?post=477170"},{"taxonomy":"post_tag","embeddable":true,"href":"http:\/\/desarrollo.grupomedios.com\/futbol\/wp-json\/wp\/v2\/tags?post=477170"}],"curies":[{"name":"wp","href":"https:\/\/api.w.org\/{rel}","templated":true}]}}