{"id":477182,"date":"2017-05-03T19:14:54","date_gmt":"2017-05-04T00:14:54","guid":{"rendered":"https:\/\/www.futboltotal.com.mx\/?p=477182"},"modified":"2017-05-03T19:14:54","modified_gmt":"2017-05-04T00:14:54","slug":"listas-las-fechas-draft-la-liga-mx","status":"publish","type":"post","link":"http:\/\/desarrollo.grupomedios.com\/futbol\/futbol-mexicano\/listas-las-fechas-draft-la-liga-mx\/2017\/05","title":{"rendered":"Listas las fechas para el Draft de la Liga MX"},"content":{"rendered":"<p>A\u00fan no termina el Clausura 2017 y ya comienzan a surgir rumores sobre el destino de algunos futbolistas de la Liga MX, debido a que se abre el mercado de fichajes de verano, no solo en M\u00e9xico sino en el resto del balompi\u00e9 mundial.<\/p>\n<p>Pero muchas veces los rumores se quedan en eso, por eso la afici\u00f3n busca informaci\u00f3n certera, la cual, por lo menos en M\u00e9xico, llegar\u00e1 con el R\u00e9gimen de Transferencias oficial de la Liga MX, el cual se celebrar\u00e1 del 5 al 8 de junio, en Canc\u00fan, Quintana Roo.<\/p>\n<p style=\"text-align: center;\"><span style=\"color: #3366ff;\"><a style=\"color: #3366ff;\" href=\"https:\/\/www.futboltotal.com.mx\/2017\/05\/jona-suena-jugar-en-mexico-junto-a-gio-dos-santos\/\" target=\"_blank\"><strong>VER M\u00c1S: Jona dos Santos quiere jugar en M\u00e9xico con Gio<\/strong><\/a><\/span><\/p>\n<p>En esas fechas, no solo se dar\u00e1n a conocer las transferencias del Draft, sino que tambi\u00e9n se anunciar\u00e1n los calendarios para la temporada 2017-18, que incluye la actividad de la Liga MX, Copa MX, Concachampions y las fechas FIFA.<\/p>\n<p>S\u00edguenos en Twitter: <a href=\"https:\/\/twitter.com\/MXFutbolTotal\" target=\"_blank\">@MXFutbolTotal<\/a><\/p>\n","protected":false},"excerpt":{"rendered":"<p>El R\u00e9gimen de Transferencias del balompi\u00e9 nacional, se celebrar\u00e1 en Canc\u00fan.<\/p>\n","protected":false},"author":20,"featured_media":477183,"comment_status":"closed","ping_status":"closed","sticky":false,"template":"","format":"standard","meta":[],"categories":[7740,2198,3845],"tags":[3749,64],"_links":{"self":[{"href":"http:\/\/desarrollo.grupomedios.com\/futbol\/wp-json\/wp\/v2\/posts\/477182"}],"collection":[{"href":"http:\/\/desarrollo.grupomedios.com\/futbol\/wp-json\/wp\/v2\/posts"}],"about":[{"href":"http:\/\/desarrollo.grupomedios.com\/futbol\/wp-json\/wp\/v2\/types\/post"}],"author":[{"embeddable":true,"href":"http:\/\/desarrollo.grupomedios.com\/futbol\/wp-json\/wp\/v2\/users\/20"}],"replies":[{"embeddable":true,"href":"http:\/\/desarrollo.grupomedios.com\/futbol\/wp-json\/wp\/v2\/comments?post=477182"}],"version-history":[{"count":1,"href":"http:\/\/desarrollo.grupomedios.com\/futbol\/wp-json\/wp\/v2\/posts\/477182\/revisions"}],"predecessor-version":[{"id":477184,"href":"http:\/\/desarrollo.grupomedios.com\/futbol\/wp-json\/wp\/v2\/posts\/477182\/revisions\/477184"}],"wp:featuredmedia":[{"embeddable":true,"href":"http:\/\/desarrollo.grupomedios.com\/futbol\/wp-json\/wp\/v2\/media\/477183"}],"wp:attachment":[{"href":"http:\/\/desarrollo.grupomedios.com\/futbol\/wp-json\/wp\/v2\/media?parent=477182"}],"wp:term":[{"taxonomy":"category","embeddable":true,"href":"http:\/\/desarrollo.grupomedios.com\/futbol\/wp-json\/wp\/v2\/categories?post=477182"},{"taxonomy":"post_tag","embeddable":true,"href":"http:\/\/desarrollo.grupomedios.com\/futbol\/wp-json\/wp\/v2\/tags?post=477182"}],"curies":[{"name":"wp","href":"https:\/\/api.w.org\/{rel}","templated":true}]}}