{"id":477213,"date":"2017-05-04T12:17:13","date_gmt":"2017-05-04T17:17:13","guid":{"rendered":"https:\/\/www.futboltotal.com.mx\/?p=477213"},"modified":"2017-05-04T12:17:13","modified_gmt":"2017-05-04T17:17:13","slug":"chapito-montes-dice-a-chivas-leon-alista-renovacion","status":"publish","type":"post","link":"http:\/\/desarrollo.grupomedios.com\/futbol\/futbol-mexicano\/chapito-montes-dice-a-chivas-leon-alista-renovacion\/2017\/05","title":{"rendered":"Chapito Montes dice no a Chivas y el Le\u00f3n alista su renovaci\u00f3n"},"content":{"rendered":"<p>La directiva del <strong>Le\u00f3n<\/strong> ha comenzado a planificar la plantilla para el pr\u00f3ximo Apertura 2017. A la direcci\u00f3n t\u00e9cnica no llegar\u00e1 Ricardo La Volpe -como tanto se especul\u00f3 en d\u00edas pasados- y permanecer\u00e1 Javier Torrente. Garantizada la continuidad del estratega, el club ha puesto manos a la obra la renovaci\u00f3n de uno de sus mejores jugadores, el mediocampista Luis Montes.<\/p>\n<p>El contrato del<em> Chapito<\/em>\u00a0termina el pr\u00f3ximo mes de junio y, a pesar de que a principio de a\u00f1o trascendi\u00f3 que podr\u00eda salir del club, \u00a0tiene ampl\u00edsimas posibilidades de seguir con los<em> Esmeraldas.<\/em>\u00a0El club contempla ofrecerle un nuevo contrato por dos a\u00f1os y solo es cuesti\u00f3n de que el mediocampista estampe su firma, seg\u00fan apunta <em>ESPN.<\/em><\/p>\n<p style=\"text-align: center;\"><a href=\"https:\/\/www.futboltotal.com.mx\/2017\/05\/tigres-buscara-fichar-a-jugador-del-milan\/\"><span style=\"color: #3366ff;\">VER M\u00c1S: Tigres busca nuevo refuerzo en Milan<\/span><\/a><\/p>\n<p>Cuando a <strong>Montes<\/strong> le preguntaron el pasado mes de marzo sobre su futuro, afirm\u00f3 que no sab\u00eda donde jugar\u00eda el pr\u00f3ximo torneo. Y es que en su momento fue colocado como uno de los posibles refuerzos del Guadalajara. Sin embargo el Le\u00f3n lo contempla como uno de los inamovibles y el jugador no tiene intenci\u00f3n de jugar al lago de su excompa\u00f1ero Jos\u00e9 Gallito V\u00e1zquez.<\/p>\n<blockquote><p>\u201cYo quiero que contin\u00fae y ya se lo hice saber, pero ya depender\u00e1 de \u00e9l. Le vamos a ofrecer un contrato de dos a\u00f1os. He tenido pl\u00e1ticas con \u00e9l, lo conozco, s\u00e9 lo que es para la afici\u00f3n y lo que \u00e9l quiere a esta ciudad, creo que no tendr\u00eda problemas en renovar dos o tres a\u00f1os\u201d, reconoci\u00f3 Jes\u00fas Mart\u00ednez Jr., presidente del club.<\/p><\/blockquote>\n<p>La \u00fanica posibilidad para que el<em> Chapito<\/em> cambie de equipo es si llega una buena oferta por parte de alg\u00fan otro, concretamente, de la MLS.<\/p>\n<p>Por ahora,<strong> Montes<\/strong> est\u00e1 plenamente concentrado para disputar el \u00faltimo partido del Clausura 2017 contra Cruz Azul, en el que <strong>La Fiera<\/strong> necesita una buena victoria,m\u00e1s una buena combinaci\u00f3n de resultados, para poder clasificar a Liguilla.<\/p>\n<p><span style=\"color: #3366ff;\"><strong>S\u00edguenos en Twiter: <a style=\"color: #3366ff;\" href=\"https:\/\/www.futboltotal.com.mx\/futbol-internacional\/\" target=\"_blank\">@MXFutbolTotal<\/a><\/strong><\/span><\/p>\n","protected":false},"excerpt":{"rendered":"<p>El club esmeralda quiere amarrar al Chapito; solo se ir\u00eda por una jugosa oferta de la MLS.  <\/p>\n","protected":false},"author":20,"featured_media":477263,"comment_status":"closed","ping_status":"closed","sticky":false,"template":"","format":"standard","meta":[],"categories":[7740,2198,3845],"tags":[5965,1108],"_links":{"self":[{"href":"http:\/\/desarrollo.grupomedios.com\/futbol\/wp-json\/wp\/v2\/posts\/477213"}],"collection":[{"href":"http:\/\/desarrollo.grupomedios.com\/futbol\/wp-json\/wp\/v2\/posts"}],"about":[{"href":"http:\/\/desarrollo.grupomedios.com\/futbol\/wp-json\/wp\/v2\/types\/post"}],"author":[{"embeddable":true,"href":"http:\/\/desarrollo.grupomedios.com\/futbol\/wp-json\/wp\/v2\/users\/20"}],"replies":[{"embeddable":true,"href":"http:\/\/desarrollo.grupomedios.com\/futbol\/wp-json\/wp\/v2\/comments?post=477213"}],"version-history":[{"count":2,"href":"http:\/\/desarrollo.grupomedios.com\/futbol\/wp-json\/wp\/v2\/posts\/477213\/revisions"}],"predecessor-version":[{"id":477265,"href":"http:\/\/desarrollo.grupomedios.com\/futbol\/wp-json\/wp\/v2\/posts\/477213\/revisions\/477265"}],"wp:featuredmedia":[{"embeddable":true,"href":"http:\/\/desarrollo.grupomedios.com\/futbol\/wp-json\/wp\/v2\/media\/477263"}],"wp:attachment":[{"href":"http:\/\/desarrollo.grupomedios.com\/futbol\/wp-json\/wp\/v2\/media?parent=477213"}],"wp:term":[{"taxonomy":"category","embeddable":true,"href":"http:\/\/desarrollo.grupomedios.com\/futbol\/wp-json\/wp\/v2\/categories?post=477213"},{"taxonomy":"post_tag","embeddable":true,"href":"http:\/\/desarrollo.grupomedios.com\/futbol\/wp-json\/wp\/v2\/tags?post=477213"}],"curies":[{"name":"wp","href":"https:\/\/api.w.org\/{rel}","templated":true}]}}