{"id":477219,"date":"2017-05-04T08:54:47","date_gmt":"2017-05-04T13:54:47","guid":{"rendered":"https:\/\/www.futboltotal.com.mx\/?p=477219"},"modified":"2017-05-04T09:42:40","modified_gmt":"2017-05-04T14:42:40","slug":"diego-reyes-deja-en-aire-espanyol","status":"publish","type":"post","link":"http:\/\/desarrollo.grupomedios.com\/futbol\/destacado-home\/diego-reyes-deja-en-aire-espanyol\/2017\/05","title":{"rendered":"Diego Reyes deja su futuro en el aire con Espanyol"},"content":{"rendered":"<p>El central mexicano del <strong>Espanyol,\u00a0Diego Reyes,<\/strong>\u00a0afirm\u00f3 que desconoce su futuro en el club catal\u00e1n, donde est\u00e1 cedido por el Portocon opci\u00f3n de compra.<\/p>\n<blockquote><p>&#8220;Disfrutar\u00e9 estos partidos como si fueran los \u00faltimos&#8221;, dijo este jueves tras el entrenamiento de cara al partido ante el Deportivo del pr\u00f3ximo s\u00e1bado.<\/p><\/blockquote>\n<p style=\"text-align: center;\"><a href=\"https:\/\/www.futboltotal.com.mx\/futbol-internacional\/\"><span style=\"color: #3366ff;\">VER M\u00c1S: Todas las noticias de futbol internacional<\/span><\/a><\/p>\n<p>El jugador ha confesado que est\u00e1 inc\u00f3modo con esta incertidumbre. &#8220;Ojal\u00e1 lo supiera. A m\u00ed tampoco me gusta estar as\u00ed, sin saber d\u00f3nde voy a vivir&#8221;, ha dicho.<\/p>\n<p>La opci\u00f3n de compra que figura en el contrato del defensa es de siete millones de euros (7,6 millones de d\u00f3lares), una cifra muy elevada para la entidad blanquiazul.<\/p>\n<p><strong>Diego Reyes<\/strong>, adem\u00e1s, ha explicado que \u00e9l tiene &#8220;voz y voto&#8221; para decidir sobre su futuro la pr\u00f3xima temporada. &#8220;En su momento opinar\u00e9 y decidir\u00e9, mi prioridad es jugar&#8221;, dijo.<\/p>\n<p>El internacional est\u00e1 feliz en el Espanyol y contento con la ciudad: &#8220;Me encanta Barcelona, estoy enamorado de ella&#8221;.<\/p>\n<p>El futbolista ha mantenido que esta campa\u00f1a ha sido muy positiva para \u00e9l en el plano profesional: &#8220;Ha sido un a\u00f1o muy importante en mi carrera, estoy agradecido al Espanyol por la oportunidad&#8221;.<\/p>\n<p>El central, hasta ahora, se ha consolidado como una pieza clave en el once titular del entrenador Quique S\u00e1nchez Flores.<\/p>\n<p>A nivel colectivo, el defensa mexicano ha subrayado que el equipo no bajar\u00e1 los brazos en este tramo final de temporada, pese a que no existan objetivos concretos: &#8220;Cada vez vemos a un grupo m\u00e1s alegre. Estamos contentos por lo que hemos logrado, pero queremos llegar m\u00e1s arriba. La meta es la octava plaza&#8221;.<\/p>\n<p><span style=\"color: #3366ff;\"><strong>S\u00edguenos en Twiter: <a style=\"color: #3366ff;\" href=\"https:\/\/twitter.com\/MXFutbolTotal\" target=\"_blank\">@MXFutbolTotal<\/a><\/strong><\/span><\/p>\n","protected":false},"excerpt":{"rendered":"<p>El mexicano desconoce si los Pericos ejercer\u00e1n su opci\u00f3n de compra por 8MDE.<\/p>\n","protected":false},"author":20,"featured_media":477220,"comment_status":"closed","ping_status":"closed","sticky":false,"template":"","format":"standard","meta":[],"categories":[5,3839,3844,6718],"tags":[6006,67],"_links":{"self":[{"href":"http:\/\/desarrollo.grupomedios.com\/futbol\/wp-json\/wp\/v2\/posts\/477219"}],"collection":[{"href":"http:\/\/desarrollo.grupomedios.com\/futbol\/wp-json\/wp\/v2\/posts"}],"about":[{"href":"http:\/\/desarrollo.grupomedios.com\/futbol\/wp-json\/wp\/v2\/types\/post"}],"author":[{"embeddable":true,"href":"http:\/\/desarrollo.grupomedios.com\/futbol\/wp-json\/wp\/v2\/users\/20"}],"replies":[{"embeddable":true,"href":"http:\/\/desarrollo.grupomedios.com\/futbol\/wp-json\/wp\/v2\/comments?post=477219"}],"version-history":[{"count":2,"href":"http:\/\/desarrollo.grupomedios.com\/futbol\/wp-json\/wp\/v2\/posts\/477219\/revisions"}],"predecessor-version":[{"id":477222,"href":"http:\/\/desarrollo.grupomedios.com\/futbol\/wp-json\/wp\/v2\/posts\/477219\/revisions\/477222"}],"wp:featuredmedia":[{"embeddable":true,"href":"http:\/\/desarrollo.grupomedios.com\/futbol\/wp-json\/wp\/v2\/media\/477220"}],"wp:attachment":[{"href":"http:\/\/desarrollo.grupomedios.com\/futbol\/wp-json\/wp\/v2\/media?parent=477219"}],"wp:term":[{"taxonomy":"category","embeddable":true,"href":"http:\/\/desarrollo.grupomedios.com\/futbol\/wp-json\/wp\/v2\/categories?post=477219"},{"taxonomy":"post_tag","embeddable":true,"href":"http:\/\/desarrollo.grupomedios.com\/futbol\/wp-json\/wp\/v2\/tags?post=477219"}],"curies":[{"name":"wp","href":"https:\/\/api.w.org\/{rel}","templated":true}]}}