{"id":477288,"date":"2017-05-04T14:55:56","date_gmt":"2017-05-04T19:55:56","guid":{"rendered":"https:\/\/www.futboltotal.com.mx\/?p=477288"},"modified":"2017-05-04T14:55:56","modified_gmt":"2017-05-04T19:55:56","slug":"chavez-aseguro-a-canelo-vamos-a-dejarnos-mamad","status":"publish","type":"post","link":"http:\/\/desarrollo.grupomedios.com\/futbol\/no-todo-es-futbol\/chavez-aseguro-a-canelo-vamos-a-dejarnos-mamad\/2017\/05","title":{"rendered":"Ch\u00e1vez asegur\u00f3 a Canelo: &#8220;Vamos a dejarnos de mamad&#8230;&#8221;"},"content":{"rendered":"<p>La pelea m\u00e1s esperada para este 2017 en el mundo del box, <strong>Sa\u00fal <em>Canelo<\/em> \u00c1lvarez<\/strong>, vs. <strong>Julio C\u00e9sar Ch\u00e1vez Jr.<\/strong>, no podr\u00eda haber calentado m\u00e1s los \u00e1nimos a escasos d\u00edas del combate este 6 de mayo en <strong>Las Vegas, Nevada<\/strong>.<\/p>\n<p><em>La Leyenda<\/em>, <strong>Julio C\u00e9sar Ch\u00e1vez<\/strong>, acompa\u00f1\u00f3 a su hijo en conferencia de prensa previa al combate y, aunque dese\u00f3 suerte a ambos boxeadores, obviamente respalda por completo a su hijo, no sin dejar pasar la oportunidad de mandar\u00a0un mensaje para el <em>Canelo<\/em>.<\/p>\n<p style=\"text-align: center;\"><span style=\"color: #333399;\"><a style=\"color: #333399;\" href=\"https:\/\/www.futboltotal.com.mx\/2017\/05\/jugador-del-america-se-habria-enamorado-concursante-tv\/\">VER M\u00c1S: Jugador del Am\u00e9rica se habr\u00eda enamorado de concursante de TV<\/a><\/span><\/p>\n<p>&#8220;Voy a decir una frase que dijo con todo respeto <em>Canelo<\/em>, \u00a1vamos a dejarnos de mamaditas y el s\u00e1bado vamos a ver de qu\u00e9 cuero salen m\u00e1s correas!&#8221;, dijo Ch\u00e1vez, quien adem\u00e1s destaca el cambio de disciplina por parte de su hijo, a quien ve en el mejor momento de su carrera y con amplias opciones de vencer a \u00c1lvarez.<\/p>\n<p>&#8220;(Estoy) muy satisfecho con la preparaci\u00f3n de Julio. Sabemos que es una pelea dif\u00edcil, dura, pero no imposible de ganar porque arriba del ring se gana y se pierde, y cuando se lleva una mentalidad ganadora, las cosas pueden suceder de una forma positiva&#8221;, agreg\u00f3 el <em>C\u00e9sar del Boxeo<\/em>.<\/p>\n<p style=\"text-align: center;\"><span style=\"color: #333399;\"><a style=\"color: #333399;\" href=\"https:\/\/www.futboltotal.com.mx\/2017\/05\/chapito-montes-dice-a-chivas-leon-alista-renovacion\/\">VER M\u00c1S: Chapito Montes dijo no a Chivas y le\u00f3n alista su renovaci\u00f3n<\/a><\/span><\/p>\n","protected":false},"excerpt":{"rendered":"<p>Julio C\u00e9sar Ch\u00e1vez mand\u00f3 un mensaje directo para el Canelo, rival de su hijo.<\/p>\n","protected":false},"author":20,"featured_media":477289,"comment_status":"closed","ping_status":"closed","sticky":false,"template":"","format":"standard","meta":[],"categories":[6282,5419,5418,6411],"tags":[5936,5934,8347,7820,8550],"_links":{"self":[{"href":"http:\/\/desarrollo.grupomedios.com\/futbol\/wp-json\/wp\/v2\/posts\/477288"}],"collection":[{"href":"http:\/\/desarrollo.grupomedios.com\/futbol\/wp-json\/wp\/v2\/posts"}],"about":[{"href":"http:\/\/desarrollo.grupomedios.com\/futbol\/wp-json\/wp\/v2\/types\/post"}],"author":[{"embeddable":true,"href":"http:\/\/desarrollo.grupomedios.com\/futbol\/wp-json\/wp\/v2\/users\/20"}],"replies":[{"embeddable":true,"href":"http:\/\/desarrollo.grupomedios.com\/futbol\/wp-json\/wp\/v2\/comments?post=477288"}],"version-history":[{"count":1,"href":"http:\/\/desarrollo.grupomedios.com\/futbol\/wp-json\/wp\/v2\/posts\/477288\/revisions"}],"predecessor-version":[{"id":477290,"href":"http:\/\/desarrollo.grupomedios.com\/futbol\/wp-json\/wp\/v2\/posts\/477288\/revisions\/477290"}],"wp:featuredmedia":[{"embeddable":true,"href":"http:\/\/desarrollo.grupomedios.com\/futbol\/wp-json\/wp\/v2\/media\/477289"}],"wp:attachment":[{"href":"http:\/\/desarrollo.grupomedios.com\/futbol\/wp-json\/wp\/v2\/media?parent=477288"}],"wp:term":[{"taxonomy":"category","embeddable":true,"href":"http:\/\/desarrollo.grupomedios.com\/futbol\/wp-json\/wp\/v2\/categories?post=477288"},{"taxonomy":"post_tag","embeddable":true,"href":"http:\/\/desarrollo.grupomedios.com\/futbol\/wp-json\/wp\/v2\/tags?post=477288"}],"curies":[{"name":"wp","href":"https:\/\/api.w.org\/{rel}","templated":true}]}}