{"id":477309,"date":"2017-05-04T15:48:45","date_gmt":"2017-05-04T20:48:45","guid":{"rendered":"https:\/\/www.futboltotal.com.mx\/?p=477309"},"modified":"2017-05-04T15:48:45","modified_gmt":"2017-05-04T20:48:45","slug":"actor-rob-schneider-acudio-a-graduacion-sus-ahijados-tigres","status":"publish","type":"post","link":"http:\/\/desarrollo.grupomedios.com\/futbol\/futbol-mexicano\/actor-rob-schneider-acudio-a-graduacion-sus-ahijados-tigres\/2017\/05","title":{"rendered":"Actor Rob Schneider acudi\u00f3 a graduaci\u00f3n de sus &#8216;ahijados&#8217; Tigres"},"content":{"rendered":"<p>El c\u00f3mico y estrella de Hollywood,\u00a0<strong>Rob Schneider<\/strong>, actor de m\u00faltiples pel\u00edculas, series y famoso fan\u00e1tico de los <strong>Tigres<\/strong> de la Liga MX,\u00a0fue el padrino de lujo de los primeros graduados del programa <em>Tigres por un mejor futuro<\/em>.<\/p>\n<p>El actor de pel\u00edculas como <em>Gigol\u00f3 por accidente<\/em> o <em>Los Calientabancas<\/em>\u00a0fue una sorpresa para los primeros 100 graduados de esta iniciativa que apoya con becas de estudio, transporte o remodelaci\u00f3n de viviendas.<\/p>\n<p style=\"text-align: center;\"><span style=\"color: #333399;\"><a style=\"color: #333399;\" href=\"https:\/\/www.futboltotal.com.mx\/2017\/05\/chapito-montes-dice-a-chivas-leon-alista-renovacion\/\" target=\"_blank\">VER M\u00c1S: Chapito Montes dijo no a Chivas y el Le\u00f3n alista\u00a0su renovaci\u00f3n<\/a><\/span><\/p>\n<p>La presencia de <strong>Schneider<\/strong> como invitado especial tambi\u00e9n se dio porque el comediante tambi\u00e9n es parte clave de este programa, ya que apoy\u00f3 con 600 becas.<\/p>\n<p>Adem\u00e1s de Schneider, acudieron\u00a0el Rector de la UANL, Rogelio Garza, el Presidente de Tigres, Alejandro Rodr\u00edguez y parte de la plantilla de los Tigres, entre ellos <strong>Andr\u00e9-Pierre Gignac<\/strong>, quien salud\u00f3 al famoso actor.<\/p>\n<p style=\"text-align: center;\"><span style=\"color: #333399;\"><a style=\"color: #333399;\" href=\"https:\/\/www.futboltotal.com.mx\/2017\/05\/jugador-del-america-se-habria-enamorado-concursante-tv\/\" target=\"_blank\">VER M\u00c1S: Jugador del Am\u00e9rica se habr\u00eda enamorado de concursante de TV<\/a><\/span><\/p>\n<p>&nbsp;<\/p>\n<blockquote class=\"twitter-video\" data-lang=\"es\">\n<p dir=\"ltr\" lang=\"es\">Jugadores, directiva y el actor estadounidense Rob Schneider al final del evento Tigres por un mejor futuro <a href=\"https:\/\/twitter.com\/ESPNmx\">@ESPNmx<\/a> <a href=\"https:\/\/t.co\/Lrp3nkl5uM\">pic.twitter.com\/Lrp3nkl5uM<\/a><\/p>\n<p>\u2014 &#x1f399;Javier Alonso (@javialonsordz) <a href=\"https:\/\/twitter.com\/javialonsordz\/status\/859914583166910465\">3 de mayo de 2017<\/a><\/p><\/blockquote>\n<p><script async src=\"\/\/platform.twitter.com\/widgets.js\" charset=\"utf-8\"><\/script><\/p>\n","protected":false},"excerpt":{"rendered":"<p>El famoso c\u00f3mico Rob Schneider acompa\u00f1\u00f3 a los graduados de esta iniciativa de Tigres.<\/p>\n","protected":false},"author":20,"featured_media":477311,"comment_status":"closed","ping_status":"closed","sticky":false,"template":"","format":"standard","meta":[],"categories":[5419,2198],"tags":[8552,8553,5089,64,6572,5973,444],"_links":{"self":[{"href":"http:\/\/desarrollo.grupomedios.com\/futbol\/wp-json\/wp\/v2\/posts\/477309"}],"collection":[{"href":"http:\/\/desarrollo.grupomedios.com\/futbol\/wp-json\/wp\/v2\/posts"}],"about":[{"href":"http:\/\/desarrollo.grupomedios.com\/futbol\/wp-json\/wp\/v2\/types\/post"}],"author":[{"embeddable":true,"href":"http:\/\/desarrollo.grupomedios.com\/futbol\/wp-json\/wp\/v2\/users\/20"}],"replies":[{"embeddable":true,"href":"http:\/\/desarrollo.grupomedios.com\/futbol\/wp-json\/wp\/v2\/comments?post=477309"}],"version-history":[{"count":2,"href":"http:\/\/desarrollo.grupomedios.com\/futbol\/wp-json\/wp\/v2\/posts\/477309\/revisions"}],"predecessor-version":[{"id":477317,"href":"http:\/\/desarrollo.grupomedios.com\/futbol\/wp-json\/wp\/v2\/posts\/477309\/revisions\/477317"}],"wp:featuredmedia":[{"embeddable":true,"href":"http:\/\/desarrollo.grupomedios.com\/futbol\/wp-json\/wp\/v2\/media\/477311"}],"wp:attachment":[{"href":"http:\/\/desarrollo.grupomedios.com\/futbol\/wp-json\/wp\/v2\/media?parent=477309"}],"wp:term":[{"taxonomy":"category","embeddable":true,"href":"http:\/\/desarrollo.grupomedios.com\/futbol\/wp-json\/wp\/v2\/categories?post=477309"},{"taxonomy":"post_tag","embeddable":true,"href":"http:\/\/desarrollo.grupomedios.com\/futbol\/wp-json\/wp\/v2\/tags?post=477309"}],"curies":[{"name":"wp","href":"https:\/\/api.w.org\/{rel}","templated":true}]}}