{"id":477319,"date":"2017-05-04T16:16:40","date_gmt":"2017-05-04T21:16:40","guid":{"rendered":"https:\/\/www.futboltotal.com.mx\/?p=477319"},"modified":"2017-05-04T16:16:40","modified_gmt":"2017-05-04T21:16:40","slug":"americanista-paul-aguilar-contemplo-retiro-lesion","status":"publish","type":"post","link":"http:\/\/desarrollo.grupomedios.com\/futbol\/futbol-mexicano\/americanista-paul-aguilar-contemplo-retiro-lesion\/2017\/05","title":{"rendered":"El americanista Paul Aguilar contempl\u00f3 el retiro durante lesi\u00f3n"},"content":{"rendered":"<p>Atr\u00e1s ha quedado la lesi\u00f3n de rotura de ligamento cruzado que dej\u00f3 a <strong>Paul Aguilar<\/strong> fuera de actividad cerca de 8 meses y el jugador del <strong>Am\u00e9rica<\/strong> ha vuelto a disfrutar con su vuelta a las canchas, pero el tiempo que estuvo alejado pas\u00f3 momentos complicados, incluso que le hicieron analizar el retiro.<\/p>\n<p>&#8220;Esa idea (el retiro) me pas\u00f3 cuando inici\u00f3 todo y los dolores fueron muy fuertes, pero uno trata de superarlo y trabajar para salir adelante&#8221;, confes\u00f3 el lateral durante la presentaci\u00f3n de Aerom\u00e9xico y Delta como las aerol\u00edneas oficiales de la <strong>Selecci\u00f3n Mexicana<\/strong>.<\/p>\n<p style=\"text-align: center;\"><span style=\"color: #333399;\"><a style=\"color: #333399;\" href=\"https:\/\/www.futboltotal.com.mx\/2017\/05\/chapito-montes-dice-a-chivas-leon-alista-renovacion\/\" target=\"_blank\">VER M\u00c1S: Chapito Montes dice no a Chivas y el Le\u00f3n alista su renovaci\u00f3n<\/a><\/span><\/p>\n<p>&#8220;Te das cuenta que el futbol no es para toda la vida, son momentos que tengo que disfrutar dentro de la cancha y valorar a mis compa\u00f1eros y familia&#8221;, dijo el tambi\u00e9n seleccionado mexicano.<\/p>\n<p>La directiva y cuerpo t\u00e9cnico americanistas dieron respaldo total a <strong>Aguilar<\/strong> durante su recuperaci\u00f3n, lo que brind\u00f3 cierta tranquilidad al futbolista.<\/p>\n<p>&#8220;El saber que pese a una lesi\u00f3n te pueden renovar contrato es se\u00f1al de que la confianza que te tienen y espero\u00a0retribuirle a la directiva, que es la que confi\u00f3 en m\u00ed. Los aficionados que esperaron mi regreso, de mi parte debo dar todo en la cancha&#8221;, a\u00f1adi\u00f3 Paul.<\/p>\n<p style=\"text-align: center;\"><span style=\"color: #333399;\"><a style=\"color: #333399;\" href=\"https:\/\/www.futboltotal.com.mx\/2017\/05\/tigres-buscara-fichar-a-jugador-del-milan\/\" target=\"_blank\">VER M\u00c1S: Tigres buscar\u00e1 fichar a un jugador del Milan<\/a><\/span><\/p>\n","protected":false},"excerpt":{"rendered":"<p>Aguilar vivi\u00f3 meses complicados durante la recuperaci\u00f3n de su terrible lesi\u00f3n.<\/p>\n","protected":false},"author":20,"featured_media":432880,"comment_status":"closed","ping_status":"closed","sticky":false,"template":"","format":"standard","meta":[],"categories":[2198,3845],"tags":[1585,5959,216],"_links":{"self":[{"href":"http:\/\/desarrollo.grupomedios.com\/futbol\/wp-json\/wp\/v2\/posts\/477319"}],"collection":[{"href":"http:\/\/desarrollo.grupomedios.com\/futbol\/wp-json\/wp\/v2\/posts"}],"about":[{"href":"http:\/\/desarrollo.grupomedios.com\/futbol\/wp-json\/wp\/v2\/types\/post"}],"author":[{"embeddable":true,"href":"http:\/\/desarrollo.grupomedios.com\/futbol\/wp-json\/wp\/v2\/users\/20"}],"replies":[{"embeddable":true,"href":"http:\/\/desarrollo.grupomedios.com\/futbol\/wp-json\/wp\/v2\/comments?post=477319"}],"version-history":[{"count":1,"href":"http:\/\/desarrollo.grupomedios.com\/futbol\/wp-json\/wp\/v2\/posts\/477319\/revisions"}],"predecessor-version":[{"id":477321,"href":"http:\/\/desarrollo.grupomedios.com\/futbol\/wp-json\/wp\/v2\/posts\/477319\/revisions\/477321"}],"wp:featuredmedia":[{"embeddable":true,"href":"http:\/\/desarrollo.grupomedios.com\/futbol\/wp-json\/wp\/v2\/media\/432880"}],"wp:attachment":[{"href":"http:\/\/desarrollo.grupomedios.com\/futbol\/wp-json\/wp\/v2\/media?parent=477319"}],"wp:term":[{"taxonomy":"category","embeddable":true,"href":"http:\/\/desarrollo.grupomedios.com\/futbol\/wp-json\/wp\/v2\/categories?post=477319"},{"taxonomy":"post_tag","embeddable":true,"href":"http:\/\/desarrollo.grupomedios.com\/futbol\/wp-json\/wp\/v2\/tags?post=477319"}],"curies":[{"name":"wp","href":"https:\/\/api.w.org\/{rel}","templated":true}]}}