{"id":477363,"date":"2017-05-04T21:36:34","date_gmt":"2017-05-05T02:36:34","guid":{"rendered":"https:\/\/www.futboltotal.com.mx\/?p=477363"},"modified":"2017-05-04T21:36:34","modified_gmt":"2017-05-05T02:36:34","slug":"vamos-titulo-pelaez-agustin-marchesin","status":"publish","type":"post","link":"http:\/\/desarrollo.grupomedios.com\/futbol\/futbol-mexicano\/vamos-titulo-pelaez-agustin-marchesin\/2017\/05","title":{"rendered":"Vamos por el t\u00edtulo, por Pel\u00e1ez: Agust\u00edn Marches\u00edn"},"content":{"rendered":"<p>El portero de<strong> Am\u00e9rica<\/strong>, <strong>Agust\u00edn Marches\u00edn<\/strong>, revel\u00f3 a la prensa que buscar\u00e1n la calificaci\u00f3n en la \u00faltima jornada del Clausura 2017 porque quieren obtener el t\u00edtulo de Liga MX, el cual dedicar\u00edan a <strong>Ricardo Pel\u00e1ez<\/strong>, pues fue quien coloc\u00f3 al equipo, de nuevo en la cima de los m\u00e1s ganadores.<\/p>\n<p>&#8220;Vamos a darlo todo por nosotros, por nuestras familias y por Pel\u00e1ez. Ojal\u00e1 podamos darle el t\u00edtulo. En lo personal se lo dedicar\u00eda porque confi\u00f3 en m\u00ed y porque cada uno de los jugadores est\u00e1 agradecido con \u00e9l\u201d, explic\u00f3 el portero.<\/p>\n<p><strong>Agust\u00edn Marches\u00edn<\/strong> cree que ese gesto no solo ser\u00eda objetivo de todos en el plantel sino algo que tambi\u00e9n desear\u00eda la afici\u00f3n, pues pese a todas las cr\u00edticas o pol\u00e9micas que pudiese haber generado la gesti\u00f3n de <strong>Ricardo Pel\u00e1ez<\/strong>, sin duda sus m\u00e9ritos habr\u00edan quedado por encima.<\/p>\n<p>&#8220;Seguramente tambi\u00e9n la afici\u00f3n porque devolvi\u00f3 al Am\u00e9rica a ser el m\u00e1s grande y el m\u00e1s ganador de M\u00e9xico&#8221;, agreg\u00f3 el cancerbero en conferencia de prensa.<\/p>\n<p style=\"text-align: center;\"><span style=\"color: #3366ff;\"><a style=\"color: #3366ff;\" href=\"https:\/\/www.futboltotal.com.mx\/2017\/05\/americanista-paul-aguilar-contemplo-retiro-lesion\/\" target=\"_blank\"><strong>VER M\u00c1S: Paul Aguilar hab\u00eda pensado en el retiro<\/strong><\/a><\/span><\/p>\n<p>Am\u00e9rica buscar\u00e1 asegurar su calificaci\u00f3n a la Liguilla frente al Pachuca, para lo que solo necesita un empate, pero en caso de perder, podr\u00eda quedar eliminado, pues Tigres y los <em>Tuzos<\/em>, clasificar\u00edan con los \u00faltimos boletos, con victoria.<\/p>\n<p>S\u00edguenos en Twitter: <a href=\"https:\/\/twitter.com\/MXFutbolTotal\" target=\"_blank\">@MXFutbolTotal<\/a><\/p>\n","protected":false},"excerpt":{"rendered":"<p>El cancerbero de Am\u00e9rica afirma que le dedicar\u00edan el campeonato.<\/p>\n","protected":false},"author":20,"featured_media":477364,"comment_status":"closed","ping_status":"closed","sticky":false,"template":"","format":"standard","meta":[],"categories":[2198,3845],"tags":[6118,5959],"_links":{"self":[{"href":"http:\/\/desarrollo.grupomedios.com\/futbol\/wp-json\/wp\/v2\/posts\/477363"}],"collection":[{"href":"http:\/\/desarrollo.grupomedios.com\/futbol\/wp-json\/wp\/v2\/posts"}],"about":[{"href":"http:\/\/desarrollo.grupomedios.com\/futbol\/wp-json\/wp\/v2\/types\/post"}],"author":[{"embeddable":true,"href":"http:\/\/desarrollo.grupomedios.com\/futbol\/wp-json\/wp\/v2\/users\/20"}],"replies":[{"embeddable":true,"href":"http:\/\/desarrollo.grupomedios.com\/futbol\/wp-json\/wp\/v2\/comments?post=477363"}],"version-history":[{"count":1,"href":"http:\/\/desarrollo.grupomedios.com\/futbol\/wp-json\/wp\/v2\/posts\/477363\/revisions"}],"predecessor-version":[{"id":477365,"href":"http:\/\/desarrollo.grupomedios.com\/futbol\/wp-json\/wp\/v2\/posts\/477363\/revisions\/477365"}],"wp:featuredmedia":[{"embeddable":true,"href":"http:\/\/desarrollo.grupomedios.com\/futbol\/wp-json\/wp\/v2\/media\/477364"}],"wp:attachment":[{"href":"http:\/\/desarrollo.grupomedios.com\/futbol\/wp-json\/wp\/v2\/media?parent=477363"}],"wp:term":[{"taxonomy":"category","embeddable":true,"href":"http:\/\/desarrollo.grupomedios.com\/futbol\/wp-json\/wp\/v2\/categories?post=477363"},{"taxonomy":"post_tag","embeddable":true,"href":"http:\/\/desarrollo.grupomedios.com\/futbol\/wp-json\/wp\/v2\/tags?post=477363"}],"curies":[{"name":"wp","href":"https:\/\/api.w.org\/{rel}","templated":true}]}}