{"id":477382,"date":"2017-05-05T09:53:46","date_gmt":"2017-05-05T14:53:46","guid":{"rendered":"https:\/\/www.futboltotal.com.mx\/?p=477382"},"modified":"2017-05-05T09:58:16","modified_gmt":"2017-05-05T14:58:16","slug":"caixinha-quiere-tres-jugadores-la-liga-mx-rangers","status":"publish","type":"post","link":"http:\/\/desarrollo.grupomedios.com\/futbol\/destacado-home\/caixinha-quiere-tres-jugadores-la-liga-mx-rangers\/2017\/05","title":{"rendered":"Caixinha quiere tres jugadores de la Liga MX para el Rangers"},"content":{"rendered":"<p>El futuro de los jugadores de <strong>Santos<\/strong>, <strong>Jos\u00e9 Abella<\/strong>, y el capit\u00e1n <strong>Carlos Izquierdoz<\/strong>, estar\u00eda en el futbol europeo para la pr\u00f3xima temporada. \u00bfSu posible destino?\u00a0<strong>Rangers de Escocia<\/strong>, que estar\u00eda interesado en ficharlos por petici\u00f3n expresa del entrenador portugu\u00e9s <strong>Pedro Caixinha<\/strong>.<\/p>\n<p>El portugu\u00e9s admiti\u00f3 este jueves que ha comenzado a planificar las contrataciones que realizar\u00e1 en el pr\u00f3ximo mercado de fichajes y el club le ha dado luz verde para que contrate a los jugadores que conoce y que tiene calidad para jugar en Europa.<\/p>\n<p style=\"text-align: center;\"><span style=\"color: #3366ff;\">VER M\u00c1S: 11 jugadores que deben ser rescatados si su equipo desciende<\/span><\/p>\n<blockquote><p>&#8220;El club est\u00e1 dispuesto a invertir y sabemos a d\u00f3nde ir con ese tipo de inversi\u00f3n, algunos jugadores pueden necesitar una inversi\u00f3n m\u00e1s alta y otros quiz\u00e1 est\u00e9n fuera de contrato. Pero queremos reducir los riesgos, as\u00ed que lo que voy a buscar son jugadores que conozco, ya sea por haber trabajado con ellos antes o porque los he visto jugar regularmente&#8221;, admiti\u00f3 Caizinha en unas declaraciones que recoge la <em>BBC.<\/em><\/p><\/blockquote>\n<p>Despu\u00e9s de ello, en M\u00e9xico, el <em>diario AS<\/em> revel\u00f3 que dos de las posibles contrataciones que tendr\u00eda en mente el entrenador ser\u00edan el lateral mexicano Jos\u00e9 Abella y el defensa central argentino Carlos Izquierdoz, dos jugadores que conoce perfectamente tras haberlos dirigido en Santos y que busca como recambios de\u00a0Clint Hill y Philippe Senderos, quienes no seguir\u00e1n con los Rangers.<\/p>\n<p>Abella, de 20 a\u00f1os, es uno de los laterales con mejor proyecci\u00f3n y fue durante la gesti\u00f3n del portugu\u00e9s con quien logr\u00f3 afianzar la titularidad. Adem\u00e1s consigui\u00f3 ser campe\u00f3n en el Clausura 2015.<\/p>\n<p>Izquierdoz, quien tiene contrato por tres a\u00f1os, tambi\u00e9n tiene credenciales importantes como para ir a la modesta liga de Escocia. Nada menos es el defensa con m\u00e1s gol de la Liga MX y uno de los mejores centrales en la cobertura uno a uno.<\/p>\n<p>Adem\u00e1s de este par de jugadores, Caixinha tambi\u00e9n tendr\u00eda inter\u00e9s en fichar al delantero peruano Raul Ruid\u00edaz, quien milita en el Morelia. El portugu\u00e9s necesita retocar la delantera ante la futura salida de\u00a0Kenny Miller, quien tiene 37 a\u00f1os y al que decidi\u00f3 renovar por solo un a\u00f1o.<\/p>\n<p>El<strong> Rangers<\/strong> ya habr\u00eda iniciado los contactos con ambos clubes para saber si es posible o no negociar el pase despu\u00e9s de que los jugadores terminen su participaci\u00f3n en el Clausura 2017.<\/p>\n<p><strong>S\u00edguenos en Twitter: <a href=\"https:\/\/www.futboltotal.com.mx\/futbol-internacional\/\" target=\"_blank\">@MXFutbolTotal<\/a><\/strong><\/p>\n<p>&nbsp;<\/p>\n","protected":false},"excerpt":{"rendered":"<p>El mexicano Jos\u00e9 Abella de 20 a\u00f1os, podr\u00eda cumplir el sue\u00f1o de jugar en Europa. <\/p>\n","protected":false},"author":20,"featured_media":477386,"comment_status":"closed","ping_status":"closed","sticky":false,"template":"","format":"standard","meta":[],"categories":[5,7740,3839,2198,3845],"tags":[1968,174],"_links":{"self":[{"href":"http:\/\/desarrollo.grupomedios.com\/futbol\/wp-json\/wp\/v2\/posts\/477382"}],"collection":[{"href":"http:\/\/desarrollo.grupomedios.com\/futbol\/wp-json\/wp\/v2\/posts"}],"about":[{"href":"http:\/\/desarrollo.grupomedios.com\/futbol\/wp-json\/wp\/v2\/types\/post"}],"author":[{"embeddable":true,"href":"http:\/\/desarrollo.grupomedios.com\/futbol\/wp-json\/wp\/v2\/users\/20"}],"replies":[{"embeddable":true,"href":"http:\/\/desarrollo.grupomedios.com\/futbol\/wp-json\/wp\/v2\/comments?post=477382"}],"version-history":[{"count":2,"href":"http:\/\/desarrollo.grupomedios.com\/futbol\/wp-json\/wp\/v2\/posts\/477382\/revisions"}],"predecessor-version":[{"id":477390,"href":"http:\/\/desarrollo.grupomedios.com\/futbol\/wp-json\/wp\/v2\/posts\/477382\/revisions\/477390"}],"wp:featuredmedia":[{"embeddable":true,"href":"http:\/\/desarrollo.grupomedios.com\/futbol\/wp-json\/wp\/v2\/media\/477386"}],"wp:attachment":[{"href":"http:\/\/desarrollo.grupomedios.com\/futbol\/wp-json\/wp\/v2\/media?parent=477382"}],"wp:term":[{"taxonomy":"category","embeddable":true,"href":"http:\/\/desarrollo.grupomedios.com\/futbol\/wp-json\/wp\/v2\/categories?post=477382"},{"taxonomy":"post_tag","embeddable":true,"href":"http:\/\/desarrollo.grupomedios.com\/futbol\/wp-json\/wp\/v2\/tags?post=477382"}],"curies":[{"name":"wp","href":"https:\/\/api.w.org\/{rel}","templated":true}]}}