{"id":477383,"date":"2017-05-05T09:53:27","date_gmt":"2017-05-05T14:53:27","guid":{"rendered":"https:\/\/www.futboltotal.com.mx\/?p=477383"},"modified":"2017-05-05T09:54:46","modified_gmt":"2017-05-05T14:54:46","slug":"goleador-raul-ruidiaz-buscado-santos-y-chivas","status":"publish","type":"post","link":"http:\/\/desarrollo.grupomedios.com\/futbol\/futbol-mexicano\/goleador-raul-ruidiaz-buscado-santos-y-chivas\/2017\/05","title":{"rendered":"El goleador Ra\u00fal Ruid\u00edaz es buscado por Santos y&#8230; \u00bfChivas?"},"content":{"rendered":"<p>El goleador peruano <strong>Ra\u00fal Ruid\u00edaz<\/strong>, campe\u00f3n de anotaciones del pasado <strong>Apertura 2016<\/strong> y en la pelea por ser el m\u00e1ximo romperredes del <strong>Clausura 2017<\/strong>, sin duda es la pieza m\u00e1s importante en el accionar de un Morelia que en la \u00faltima jornada del torneo regular a\u00fan lucha por no descender, pero tambi\u00e9n un futbolista deseado por otros clubes de Liga MX, como <strong>Santos Laguna<\/strong> y&#8230; <strong>Chivas<\/strong>. O al menos eso se dijo en <strong>Per\u00fa<\/strong>.<\/p>\n<p>De acuerdo al diario inca L\u00edbero, Ruid\u00edaz es seguido por m\u00e1s de un club mexicano para reforzarse de cara a la siguiente temporada, aunque todo depender\u00eda en gran medida de si <em>Monarcas<\/em> consigue permanecer en <strong>Primera Divisi\u00f3n<\/strong> o si pierde la categor\u00eda, lo que acercar\u00eda m\u00e1s al atacante a la \u00f3rbita de dos equipos, uno de estos <strong>Chivas<\/strong> pese a su hist\u00f3rica tradici\u00f3n de jugar s\u00f3lo con futbolistas nacidos en M\u00e9xico.<\/p>\n<p style=\"text-align: center;\"><span style=\"color: #333399;\"><a style=\"color: #333399;\" href=\"https:\/\/www.futboltotal.com.mx\/2017\/05\/fifa-retira-la-sancion-a-messi\/\">VER M\u00c1S: FIFA retira la sanci\u00f3n a Messi\u00a0<\/a><\/span><\/p>\n<p>La publicaci\u00f3n del diario peruano se realiz\u00f3 tanto en la versi\u00f3n impresa como en la digital, aunque en la segunda se dieron cuenta de su error y rectificaron la informaci\u00f3n, situaci\u00f3n que no pudieron hacer en la informaci\u00f3n mostrada en el peri\u00f3dico.<\/p>\n<p><a href=\"https:\/\/www.futboltotal.com.mx\/wp-content\/uploads\/2017\/05\/1493960140_651955_1493961089_sumario_normal.jpg\"><img decoding=\"async\" loading=\"lazy\" class=\"aligncenter size-large wp-image-477388\" src=\"https:\/\/www.futboltotal.com.mx\/wp-content\/uploads\/2017\/05\/1493960140_651955_1493961089_sumario_normal-593x1024.jpg\" alt=\"El goleador Ra\u00fal Ruid\u00edaz es buscado por Santos y&#8230; \u00bfChivas? 0\" srcset=\"http:\/\/desarrollo.grupomedios.com\/futbol\/wp-content\/uploads\/2017\/05\/1493960140_651955_1493961089_sumario_normal-593x1024.jpg 593w, http:\/\/desarrollo.grupomedios.com\/futbol\/wp-content\/uploads\/2017\/05\/1493960140_651955_1493961089_sumario_normal-174x300.jpg 174w, http:\/\/desarrollo.grupomedios.com\/futbol\/wp-content\/uploads\/2017\/05\/1493960140_651955_1493961089_sumario_normal.jpg 649w\" sizes=\"(max-width: 593px) 100vw, 593px\" \/><\/a><\/p>\n<p>Pese a este\u00a0yerro que se cometi\u00f3 desde Per\u00fa, las versiones sobre el futuro de <strong>Ruid\u00edaz<\/strong> s\u00ed lo acercan al cuadro santista, que al parecer a\u00fan espera que <strong>TV Azteca<\/strong>, empresa propietaria del <strong>Morelia<\/strong>, a\u00fan le debe una cifra econ\u00f3mica importante al equipo de Torre\u00f3n y como parte del pago podr\u00eda incluir al delantero de la <em>Monarqu\u00eda<\/em>.<\/p>\n<p style=\"text-align: center;\"><span style=\"color: #333399;\"><a style=\"color: #333399;\" href=\"https:\/\/www.futboltotal.com.mx\/2017\/05\/fidel-kuri-admite-usar-al-veracruz-en-la-politica\/\">VER M\u00c1S: \u00a1Fidel Kuri admite usar al Veracruz en la pol\u00edtica!<\/a><\/span><\/p>\n","protected":false},"excerpt":{"rendered":"<p>Un diario peruano asegur\u00f3 que el sudamericano podr\u00eda reforzar al Reba\u00f1o.<\/p>\n","protected":false},"author":20,"featured_media":477384,"comment_status":"closed","ping_status":"closed","sticky":false,"template":"","format":"standard","meta":[],"categories":[7740,2198,3845],"tags":[8357,70,7732,4847,5963,64,85,5967,7620,5972],"_links":{"self":[{"href":"http:\/\/desarrollo.grupomedios.com\/futbol\/wp-json\/wp\/v2\/posts\/477383"}],"collection":[{"href":"http:\/\/desarrollo.grupomedios.com\/futbol\/wp-json\/wp\/v2\/posts"}],"about":[{"href":"http:\/\/desarrollo.grupomedios.com\/futbol\/wp-json\/wp\/v2\/types\/post"}],"author":[{"embeddable":true,"href":"http:\/\/desarrollo.grupomedios.com\/futbol\/wp-json\/wp\/v2\/users\/20"}],"replies":[{"embeddable":true,"href":"http:\/\/desarrollo.grupomedios.com\/futbol\/wp-json\/wp\/v2\/comments?post=477383"}],"version-history":[{"count":2,"href":"http:\/\/desarrollo.grupomedios.com\/futbol\/wp-json\/wp\/v2\/posts\/477383\/revisions"}],"predecessor-version":[{"id":477389,"href":"http:\/\/desarrollo.grupomedios.com\/futbol\/wp-json\/wp\/v2\/posts\/477383\/revisions\/477389"}],"wp:featuredmedia":[{"embeddable":true,"href":"http:\/\/desarrollo.grupomedios.com\/futbol\/wp-json\/wp\/v2\/media\/477384"}],"wp:attachment":[{"href":"http:\/\/desarrollo.grupomedios.com\/futbol\/wp-json\/wp\/v2\/media?parent=477383"}],"wp:term":[{"taxonomy":"category","embeddable":true,"href":"http:\/\/desarrollo.grupomedios.com\/futbol\/wp-json\/wp\/v2\/categories?post=477383"},{"taxonomy":"post_tag","embeddable":true,"href":"http:\/\/desarrollo.grupomedios.com\/futbol\/wp-json\/wp\/v2\/tags?post=477383"}],"curies":[{"name":"wp","href":"https:\/\/api.w.org\/{rel}","templated":true}]}}