{"id":477391,"date":"2017-05-05T10:23:09","date_gmt":"2017-05-05T15:23:09","guid":{"rendered":"https:\/\/www.futboltotal.com.mx\/?p=477391"},"modified":"2017-05-05T10:23:09","modified_gmt":"2017-05-05T15:23:09","slug":"arbitro-sufrio-escalofriante-lesion","status":"publish","type":"post","link":"http:\/\/desarrollo.grupomedios.com\/futbol\/videos\/arbitro-sufrio-escalofriante-lesion\/2017\/05","title":{"rendered":"\u00c1rbitro sufri\u00f3 escalofriante lesi\u00f3n"},"content":{"rendered":"<p>En el partido entre el Bragantino y el Agua Santa brasile\u00f1os, el<strong> \u00e1rbitro<\/strong> <strong>Flavio Oliveira<\/strong> sufri\u00f3 una terrible lesi\u00f3n en la pierna izquierda. Una ambulancia tuvo que entrar al campo para montarlo en la camilla y llevarlo directo al hospital. Se parti\u00f3 la extremidad inferior de la manera m\u00e1s incre\u00edble: sin recibir contacto alguno.<\/p>\n<p style=\"text-align: center;\"><span style=\"color: #3366ff;\">VER M\u00c1S: Todas las noticias de futbol internacional\u00a0<\/span><\/p>\n<p><iframe loading=\"lazy\" src=\"https:\/\/www.youtube.com\/embed\/zZnZcKEgHxI?ecver=1\" frameborder=\"0\" allowfullscreen=\"allowfullscreen\"><\/iframe><\/p>\n","protected":false},"excerpt":{"rendered":"<p>El nazareno sali\u00f3 del campo en ambulancia y fue trasladado directo al hospital.<\/p>\n","protected":false},"author":20,"featured_media":477396,"comment_status":"closed","ping_status":"closed","sticky":false,"template":"","format":"standard","meta":[],"categories":[3839,4],"tags":[2365,6214,1245],"_links":{"self":[{"href":"http:\/\/desarrollo.grupomedios.com\/futbol\/wp-json\/wp\/v2\/posts\/477391"}],"collection":[{"href":"http:\/\/desarrollo.grupomedios.com\/futbol\/wp-json\/wp\/v2\/posts"}],"about":[{"href":"http:\/\/desarrollo.grupomedios.com\/futbol\/wp-json\/wp\/v2\/types\/post"}],"author":[{"embeddable":true,"href":"http:\/\/desarrollo.grupomedios.com\/futbol\/wp-json\/wp\/v2\/users\/20"}],"replies":[{"embeddable":true,"href":"http:\/\/desarrollo.grupomedios.com\/futbol\/wp-json\/wp\/v2\/comments?post=477391"}],"version-history":[{"count":1,"href":"http:\/\/desarrollo.grupomedios.com\/futbol\/wp-json\/wp\/v2\/posts\/477391\/revisions"}],"predecessor-version":[{"id":477397,"href":"http:\/\/desarrollo.grupomedios.com\/futbol\/wp-json\/wp\/v2\/posts\/477391\/revisions\/477397"}],"wp:featuredmedia":[{"embeddable":true,"href":"http:\/\/desarrollo.grupomedios.com\/futbol\/wp-json\/wp\/v2\/media\/477396"}],"wp:attachment":[{"href":"http:\/\/desarrollo.grupomedios.com\/futbol\/wp-json\/wp\/v2\/media?parent=477391"}],"wp:term":[{"taxonomy":"category","embeddable":true,"href":"http:\/\/desarrollo.grupomedios.com\/futbol\/wp-json\/wp\/v2\/categories?post=477391"},{"taxonomy":"post_tag","embeddable":true,"href":"http:\/\/desarrollo.grupomedios.com\/futbol\/wp-json\/wp\/v2\/tags?post=477391"}],"curies":[{"name":"wp","href":"https:\/\/api.w.org\/{rel}","templated":true}]}}