{"id":477426,"date":"2017-05-05T12:13:34","date_gmt":"2017-05-05T17:13:34","guid":{"rendered":"https:\/\/www.futboltotal.com.mx\/?p=477426"},"modified":"2017-05-05T12:13:34","modified_gmt":"2017-05-05T17:13:34","slug":"psg-se-interpone-al-real-madrid-busca-fichaje-aubameyang","status":"publish","type":"post","link":"http:\/\/desarrollo.grupomedios.com\/futbol\/futbol-internacional\/psg-se-interpone-al-real-madrid-busca-fichaje-aubameyang\/2017\/05","title":{"rendered":"PSG se interpone al Real Madrid y busca el fichaje de Aubameyang"},"content":{"rendered":"<p>Pese a estar peleando por el t\u00edtulo de <strong>Liga en Espa\u00f1a<\/strong> y tener pie y medio en la final de la <strong>Champions League<\/strong>, el <strong>Real Madrid<\/strong> ha tenido problemas con los n\u00fameros de algunos de sus goleadores como <strong>Karim Benzema<\/strong>, por lo que nombres como el de <strong>Pierre-Emerick Aubameyang<\/strong> suena con fuerza para sumarse a la plantilla <em>Merengue<\/em>, a menos que lo evite el Paris Saint-Germain.<\/p>\n<p>Medios europeos reportan que el <strong>PSG<\/strong> tiene como prioridad para el pr\u00f3ximo mercado de fichajes en verano hacerse con los servicios del atacante chileno <strong>Alexis S\u00e1nchez<\/strong>, aunque no cuentan con luz verde por parte del <strong>Arsenal<\/strong> para poder firmar al sudamericano.<\/p>\n<p style=\"text-align: center;\"><span style=\"color: #333399;\"><a style=\"color: #333399;\" href=\"https:\/\/www.futboltotal.com.mx\/2017\/05\/goleador-raul-ruidiaz-buscado-santos-y-chivas\/\" target=\"_blank\">VER M\u00c1S: El goleador Ra\u00fal Ruid\u00edaz es buscado por Santos y&#8230; \u00bfChivas?<\/a><\/span><\/p>\n<p>Ante esta problem\u00e1tica, el club parisino analiza como plan B a Aubameyang, goleador del <strong>Borussia Dortmund<\/strong> que en m\u00e1s de una ocasi\u00f3n ha sido vinculado con Real Madrid, tanto por la afici\u00f3n blanca del atacante oriundo de Gab\u00f3n como por el deseo madridista de tenerlo en su delantera.<\/p>\n<p>Aunque no se compara con las cifras que se han manejado con otros gal\u00e1cticos merengues, el PSG sabe que buscar a Aubameyang costar\u00eda y mucho. Tan s\u00f3lo Alexis tiene un valor de 40 millones de euros, por lo que si el club franc\u00e9s cambia la direcci\u00f3n y apunta al jugador del Dortmund tendr\u00eda que pagar una cantidad a\u00fan m\u00e1s alta que la de S\u00e1nchez.<\/p>\n<p style=\"text-align: center;\"><span style=\"color: #333399;\"><a style=\"color: #333399;\" href=\"https:\/\/www.futboltotal.com.mx\/2017\/05\/chavez-jr-explota-acaba-entrevista-chinga-tu-madre\/\" target=\"_blank\">VER M\u00c1S: Ch\u00e1vez Jr. explot\u00f3 y acab\u00f3 entrevista con un &#8220;ching&#8230; tu mad&#8230;&#8221;<\/a><\/span><\/p>\n","protected":false},"excerpt":{"rendered":"<p>El PSG buscar\u00eda a Aubameyang en caso de que no logren el fichaje de Alexis S\u00e1nchez.<\/p>\n","protected":false},"author":20,"featured_media":477428,"comment_status":"closed","ping_status":"closed","sticky":false,"template":"","format":"standard","meta":[],"categories":[7740,3839,3844,7521,3846],"tags":[6044,5861,6047,4847,5078,114,5988],"_links":{"self":[{"href":"http:\/\/desarrollo.grupomedios.com\/futbol\/wp-json\/wp\/v2\/posts\/477426"}],"collection":[{"href":"http:\/\/desarrollo.grupomedios.com\/futbol\/wp-json\/wp\/v2\/posts"}],"about":[{"href":"http:\/\/desarrollo.grupomedios.com\/futbol\/wp-json\/wp\/v2\/types\/post"}],"author":[{"embeddable":true,"href":"http:\/\/desarrollo.grupomedios.com\/futbol\/wp-json\/wp\/v2\/users\/20"}],"replies":[{"embeddable":true,"href":"http:\/\/desarrollo.grupomedios.com\/futbol\/wp-json\/wp\/v2\/comments?post=477426"}],"version-history":[{"count":1,"href":"http:\/\/desarrollo.grupomedios.com\/futbol\/wp-json\/wp\/v2\/posts\/477426\/revisions"}],"predecessor-version":[{"id":477434,"href":"http:\/\/desarrollo.grupomedios.com\/futbol\/wp-json\/wp\/v2\/posts\/477426\/revisions\/477434"}],"wp:featuredmedia":[{"embeddable":true,"href":"http:\/\/desarrollo.grupomedios.com\/futbol\/wp-json\/wp\/v2\/media\/477428"}],"wp:attachment":[{"href":"http:\/\/desarrollo.grupomedios.com\/futbol\/wp-json\/wp\/v2\/media?parent=477426"}],"wp:term":[{"taxonomy":"category","embeddable":true,"href":"http:\/\/desarrollo.grupomedios.com\/futbol\/wp-json\/wp\/v2\/categories?post=477426"},{"taxonomy":"post_tag","embeddable":true,"href":"http:\/\/desarrollo.grupomedios.com\/futbol\/wp-json\/wp\/v2\/tags?post=477426"}],"curies":[{"name":"wp","href":"https:\/\/api.w.org\/{rel}","templated":true}]}}