{"id":477441,"date":"2017-05-05T12:58:58","date_gmt":"2017-05-05T17:58:58","guid":{"rendered":"https:\/\/www.futboltotal.com.mx\/?p=477441"},"modified":"2017-05-05T12:58:58","modified_gmt":"2017-05-05T17:58:58","slug":"football-leaks-revela-oferta-1000-millones-adidas-al-real-madrid","status":"publish","type":"post","link":"http:\/\/desarrollo.grupomedios.com\/futbol\/futbol-internacional\/football-leaks-revela-oferta-1000-millones-adidas-al-real-madrid\/2017\/05","title":{"rendered":"Revelan oferta de 1,000 millones de Adidas al Real Madrid"},"content":{"rendered":"<p>La plataforma <strong>Football Leaks<\/strong> revela, en una informaci\u00f3n que aparecer\u00e1 en la revista alemana Der Spiegel, la oferta de <strong>Adidas<\/strong> al <strong>Real Madrid<\/strong> para prolongar el contrato de patrocinio que les une y que alcanzar\u00eda los 1,000 millones de euros.<\/p>\n<p>Seg\u00fan el borrador del contrato, al que la plataforma habr\u00eda tenido acceso, entre el 1 de julio de 2015 y el 30 de julio de 2024, la empresa alemana pagar\u00eda al club espa\u00f1ol un fijo de 70 millones de euros anuales.<\/p>\n<p>Adem\u00e1s, el club participar\u00eda en un 22.5 por ciento de los beneficios de la venta de productos con su logotipo en todo el mundo, con un m\u00ednimo garantizado de 30 millones de euros anuales.<\/p>\n<p style=\"text-align: center;\"><a href=\"https:\/\/www.futboltotal.com.mx\/2017\/05\/caixinha-quiere-tres-jugadores-la-liga-mx-rangers\/\" target=\"_blank\">VER M\u00c1S: Caixinha quiere a 3 jugadores de la Liga MX en el Rangers escoc\u00e9s<\/a><\/p>\n<p style=\"text-align: left;\">\nAdem\u00e1s, en el documento Adidas se compromete a proporcionar equipamiento deportivo al club blanco por valor de 8 millones de euros al a\u00f1o.<\/p>\n<p>Por un t\u00edtulo de Liga, Adidas pagar\u00eda 2.5 millones adicionales y a partir de 2020, 3.5 millones; y por uno de la Liga de Campeones, 5 millones de euros, que a partir de 2020 ser\u00edan 7 millones.<\/p>\n<p style=\"text-align: center;\"><span style=\"color: #333399;\"><a style=\"color: #333399;\" href=\"https:\/\/www.futboltotal.com.mx\/2017\/05\/chavez-jr-explota-acaba-entrevista-chinga-tu-madre\/\" target=\"_blank\">VER M\u00c1S: Ch\u00e1vez Jr. explot\u00f3 y acab\u00f3 entrevista con un &#8220;Ching&#8230;. tu mad&#8230;&#8221;<\/a><\/span><\/p>\n<p>Seg\u00fan Der Spiegel, Adidas se neg\u00f3 a comentar las informaciones y el Real Madrid se\u00f1al\u00f3 que probablemente se hab\u00edan obtenido ilegalmente y que tomar\u00e1 medidas judiciales al respecto.<\/p>\n<p>Der Spiegel resalta que contratos como el aparentemente existente entre Adidas y el Real Madrid aumenta la distancia entre los clubes ricos y los pobres en el f\u00fatbol europeo.<\/p>\n<p style=\"text-align: center;\"><span style=\"color: #333399;\"><a style=\"color: #333399;\" href=\"https:\/\/www.futboltotal.com.mx\/2017\/05\/goleador-raul-ruidiaz-buscado-santos-y-chivas\/\" target=\"_blank\">VER M\u00c1S: El goleador Ra\u00fal Ruid\u00edaz es buscado por Santos y&#8230;\u00bfChivas?<\/a><\/span><\/p>\n","protected":false},"excerpt":{"rendered":"<p>Se revel\u00f3 la oferta de Adidas al Real Madrid para prolongar su contrato de patrocinio.<\/p>\n","protected":false},"author":144,"featured_media":461672,"comment_status":"closed","ping_status":"closed","sticky":false,"template":"","format":"standard","meta":[],"categories":[3839,3844],"tags":[1560,6224,5988],"_links":{"self":[{"href":"http:\/\/desarrollo.grupomedios.com\/futbol\/wp-json\/wp\/v2\/posts\/477441"}],"collection":[{"href":"http:\/\/desarrollo.grupomedios.com\/futbol\/wp-json\/wp\/v2\/posts"}],"about":[{"href":"http:\/\/desarrollo.grupomedios.com\/futbol\/wp-json\/wp\/v2\/types\/post"}],"author":[{"embeddable":true,"href":"http:\/\/desarrollo.grupomedios.com\/futbol\/wp-json\/wp\/v2\/users\/144"}],"replies":[{"embeddable":true,"href":"http:\/\/desarrollo.grupomedios.com\/futbol\/wp-json\/wp\/v2\/comments?post=477441"}],"version-history":[{"count":1,"href":"http:\/\/desarrollo.grupomedios.com\/futbol\/wp-json\/wp\/v2\/posts\/477441\/revisions"}],"predecessor-version":[{"id":477444,"href":"http:\/\/desarrollo.grupomedios.com\/futbol\/wp-json\/wp\/v2\/posts\/477441\/revisions\/477444"}],"wp:featuredmedia":[{"embeddable":true,"href":"http:\/\/desarrollo.grupomedios.com\/futbol\/wp-json\/wp\/v2\/media\/461672"}],"wp:attachment":[{"href":"http:\/\/desarrollo.grupomedios.com\/futbol\/wp-json\/wp\/v2\/media?parent=477441"}],"wp:term":[{"taxonomy":"category","embeddable":true,"href":"http:\/\/desarrollo.grupomedios.com\/futbol\/wp-json\/wp\/v2\/categories?post=477441"},{"taxonomy":"post_tag","embeddable":true,"href":"http:\/\/desarrollo.grupomedios.com\/futbol\/wp-json\/wp\/v2\/tags?post=477441"}],"curies":[{"name":"wp","href":"https:\/\/api.w.org\/{rel}","templated":true}]}}