{"id":477445,"date":"2017-05-05T13:26:47","date_gmt":"2017-05-05T18:26:47","guid":{"rendered":"https:\/\/www.futboltotal.com.mx\/?p=477445"},"modified":"2017-05-05T13:26:47","modified_gmt":"2017-05-05T18:26:47","slug":"usain-bolt-lo-decidido-quiere-futbolista-los-mejores","status":"publish","type":"post","link":"http:\/\/desarrollo.grupomedios.com\/futbol\/futbol-internacional\/usain-bolt-lo-decidido-quiere-futbolista-los-mejores\/2017\/05","title":{"rendered":"Usain Bolt est\u00e1 decidido: quiere ser futbolista&#8230; Y de los mejores"},"content":{"rendered":"<p>El atleta jamaicano y ocho veces campe\u00f3n ol\u00edmpico <strong>Usain Bolt<\/strong> desea cambiar de disciplina y &#8220;formar parte de los 50 mejores futbolistas del mundo&#8221;, seg\u00fan una entrevista publicada en el \u00faltimo n\u00famero de la revista francesa &#8220;So Foot&#8221;.<\/p>\n<p>&#8220;Ahora empiezo un nuevo cap\u00edtulo de mi vida, busco nuevas motivaciones&#8221;, se\u00f1al\u00f3 Bolt, quien posee los r\u00e9cords de todas las disciplinas de esprint, adem\u00e1s de ocho oros ol\u00edmpicos y once t\u00edtulos mundiales.<\/p>\n<p>&#8220;Tengo la velocidad, obvio, pero tambi\u00e9n una buena inteligencia de juego. Entiendo el f\u00fatbol&#8221;, garantiz\u00f3 el jamaicano.<\/p>\n<p>El atleta tambi\u00e9n mostr\u00f3 su deseo de ser un atacante &#8220;que marque al menos 20 goles por temporada&#8230; No ir\u00eda a un equipo de mierda, necesito un equipo ambicioso&#8221;, se\u00f1al\u00f3 Bolt, quien tambi\u00e9n afirm\u00f3 que estos \u00faltimos meses hab\u00eda negociado con diferentes clubes.<\/p>\n<p>En septiembre pr\u00f3ximo el atleta pasar\u00e1 varias pruebas y se entrenar\u00e1 con el Borussia Dortmund alem\u00e1n para as\u00ed tener &#8220;una opini\u00f3n profesional&#8221;.<\/p>\n<p>El jamaicano, de 31 a\u00f1os, se\u00f1al\u00f3 que el f\u00fatbol &#8220;es un deporte muy exigente&#8221; en cuanto al f\u00edsico, pero que podr\u00eda jugar de manera profesional &#8220;al menos cuatro a\u00f1os&#8221;.<\/p>\n<p style=\"text-align: center;\"><span style=\"color: #3366ff;\"><a style=\"color: #3366ff;\" href=\"https:\/\/www.futboltotal.com.mx\/2017\/05\/te-acuerdas-titulo-del-necaxa-ante-chivas-en-1998\/\" target=\"_blank\"><strong>VER M\u00c1S: \u00bfTe acuerdas cuando Necaxa le gan\u00f3 un t\u00edtulo a Chivas?<\/strong><\/a><\/span><\/p>\n<p>En 2014 el seleccionador de f\u00fatbol de Jamaica, Winfried Sch\u00e4fer, ya quer\u00eda al atleta en su equipo. &#8220;Es r\u00e1pido y si aprende a jugar bien con el bal\u00f3n, podr\u00eda ser uno de nuestros mejores jugadores&#8221;, afirm\u00f3 entonces el entrenador alem\u00e1n.<\/p>\n<p>Sin embargo, Bolt rechaz\u00f3 la propuesta debido a su preparaci\u00f3n para los Juegos Ol\u00edmpicos de 2016, ya que su sue\u00f1o en ese momento era &#8220;ser el campe\u00f3n m\u00e1s grande de la historia de la pista&#8221;.<\/p>\n<p>El jamaicano, que se retirar\u00e1 tras disputar en Londres los Mundiales de Atletismo entre el 5 y el 13 de agosto pr\u00f3ximo, se\u00f1al\u00f3 que en la actualidad el f\u00fatbol forma parte de su rutina y que juega al menos dos veces por semana.<\/p>\n<p>En la entrevista, el atleta tambi\u00e9n habl\u00f3 de sus dos equipos favoritos, el Manchester United y la selecci\u00f3n de Argentina.<\/p>\n<p>&#8220;Cuando era peque\u00f1o todo el mundo en Jamaica prefer\u00eda Brasil, estaba solo contra todos&#8221;, dijo el jamaicano sobre la Albiceleste.<\/p>\n<p>El mejor velocista de todos los tiempos tambi\u00e9n pronostic\u00f3 que el ganador de esta edici\u00f3n de la Liga de Campeones ser\u00eda el Real Madrid, un equipo &#8220;muy regular este a\u00f1o&#8221;.<\/p>\n<p><strong>S\u00edguenos en Twitter<\/strong>: <a href=\"https:\/\/twitter.com\/MXFutbolTotal\" target=\"_blank\">@MXFutbolTotal<\/a><\/p>\n","protected":false},"excerpt":{"rendered":"<p>El jamaiquino ya entrena con un equipo alem\u00e1n y ha tenido pl\u00e1ticas para ser fichado.<\/p>\n","protected":false},"author":144,"featured_media":477448,"comment_status":"closed","ping_status":"closed","sticky":false,"template":"","format":"standard","meta":[],"categories":[5419,3839,5418,6411,5813],"tags":[5460,1793],"_links":{"self":[{"href":"http:\/\/desarrollo.grupomedios.com\/futbol\/wp-json\/wp\/v2\/posts\/477445"}],"collection":[{"href":"http:\/\/desarrollo.grupomedios.com\/futbol\/wp-json\/wp\/v2\/posts"}],"about":[{"href":"http:\/\/desarrollo.grupomedios.com\/futbol\/wp-json\/wp\/v2\/types\/post"}],"author":[{"embeddable":true,"href":"http:\/\/desarrollo.grupomedios.com\/futbol\/wp-json\/wp\/v2\/users\/144"}],"replies":[{"embeddable":true,"href":"http:\/\/desarrollo.grupomedios.com\/futbol\/wp-json\/wp\/v2\/comments?post=477445"}],"version-history":[{"count":1,"href":"http:\/\/desarrollo.grupomedios.com\/futbol\/wp-json\/wp\/v2\/posts\/477445\/revisions"}],"predecessor-version":[{"id":477449,"href":"http:\/\/desarrollo.grupomedios.com\/futbol\/wp-json\/wp\/v2\/posts\/477445\/revisions\/477449"}],"wp:featuredmedia":[{"embeddable":true,"href":"http:\/\/desarrollo.grupomedios.com\/futbol\/wp-json\/wp\/v2\/media\/477448"}],"wp:attachment":[{"href":"http:\/\/desarrollo.grupomedios.com\/futbol\/wp-json\/wp\/v2\/media?parent=477445"}],"wp:term":[{"taxonomy":"category","embeddable":true,"href":"http:\/\/desarrollo.grupomedios.com\/futbol\/wp-json\/wp\/v2\/categories?post=477445"},{"taxonomy":"post_tag","embeddable":true,"href":"http:\/\/desarrollo.grupomedios.com\/futbol\/wp-json\/wp\/v2\/tags?post=477445"}],"curies":[{"name":"wp","href":"https:\/\/api.w.org\/{rel}","templated":true}]}}