{"id":477446,"date":"2017-05-05T13:39:35","date_gmt":"2017-05-05T18:39:35","guid":{"rendered":"https:\/\/www.futboltotal.com.mx\/?p=477446"},"modified":"2017-05-05T13:39:35","modified_gmt":"2017-05-05T18:39:35","slug":"en-barcelona-se-burlan-neymar-look-a-lo-memo-ochoa","status":"publish","type":"post","link":"http:\/\/desarrollo.grupomedios.com\/futbol\/futbol-internacional\/en-barcelona-se-burlan-neymar-look-a-lo-memo-ochoa\/2017\/05","title":{"rendered":"En Barcelona se burlan de Neymar por su look a lo Memo Ochoa"},"content":{"rendered":"<p>El \u00faltimo look que el astro <strong>Neymar Jr.<\/strong> ha usado durante el entrenamiento del <strong>Barcelona<\/strong> no pas\u00f3 desapercibido por sus compa\u00f1eros y amigos, las figuras <strong>Lionel Messi<\/strong> y <strong>Luis Su\u00e1rez<\/strong>, quienes no dudaron en burlarse del brasile\u00f1o y compararlo con el mexicano <strong>Guillermo Ochoa<\/strong>.<\/p>\n<p>Ney lleg\u00f3 a la pr\u00e1ctica de los <em>blaugranas<\/em> con el cabello un tanto m\u00e1s chino de lo normal y con una banda negra que lo recog\u00eda, lo que caus\u00f3 que <strong>Messi<\/strong> y <strong>S\u00faarez<\/strong> le dijeran cuestionaran su parecido con el portero del <strong>Granada<\/strong>.<\/p>\n<p style=\"text-align: center;\"><span style=\"color: #333399;\"><a style=\"color: #333399;\" href=\"https:\/\/www.futboltotal.com.mx\/2017\/05\/sevilla-analiza-fichar-a-edwin-cardona-del-monterrey\/\" target=\"_blank\">VER M\u00c1S: El Sevilla analiza fichar a Edwin Cardona de Monterrey<\/a><\/span><\/p>\n<p>Sin embargo, el brasile\u00f1o no supo qui\u00e9n es Ochoa (ni siquiera porque en el pasado <strong>Mundial Brasil 2014<\/strong> Memo fue una muralla para la delantera <em>Canarinha<\/em>, con dos grandes atajadas a Neymar) y el uruguayo le tuvo que recordar de qui\u00e9n se trata.<\/p>\n<p><iframe loading=\"lazy\" src=\"https:\/\/www.youtube.com\/embed\/QEe63vlzHAs\" frameborder=\"0\" allowfullscreen=\"allowfullscreen\"><\/iframe><\/p>\n<p>El delantero no tuvo mayor remedio que re\u00edrse junto a sus compa\u00f1eros y aceptar que su nuevo peinado result\u00f3 m\u00e1s gracioso de lo esperado.<\/p>\n<p style=\"text-align: center;\"><span style=\"color: #333399;\"><a style=\"color: #333399;\" href=\"https:\/\/www.futboltotal.com.mx\/2017\/05\/chavez-jr-explota-acaba-entrevista-chinga-tu-madre\/\" target=\"_blank\">VER M\u00c1S: Ch\u00e1vez Jr. explot\u00f3 y acab\u00f3 entrevista con un &#8220;Ching&#8230; tu mad&#8230;&#8221;<\/a><\/span><\/p>\n<p><iframe loading=\"lazy\" src=\"https:\/\/www.youtube.com\/embed\/kRn7l-aAxoA\" frameborder=\"0\" allowfullscreen=\"allowfullscreen\"><\/iframe><\/p>\n","protected":false},"excerpt":{"rendered":"<p>El \u00faltimo peinado del brasile\u00f1o record\u00f3 al look de Guillermo Ochoa.<\/p>\n","protected":false},"author":20,"featured_media":477447,"comment_status":"closed","ping_status":"closed","sticky":false,"template":"","format":"standard","meta":[],"categories":[5419,3839,3844],"tags":[5984,700,5991,679,6001],"_links":{"self":[{"href":"http:\/\/desarrollo.grupomedios.com\/futbol\/wp-json\/wp\/v2\/posts\/477446"}],"collection":[{"href":"http:\/\/desarrollo.grupomedios.com\/futbol\/wp-json\/wp\/v2\/posts"}],"about":[{"href":"http:\/\/desarrollo.grupomedios.com\/futbol\/wp-json\/wp\/v2\/types\/post"}],"author":[{"embeddable":true,"href":"http:\/\/desarrollo.grupomedios.com\/futbol\/wp-json\/wp\/v2\/users\/20"}],"replies":[{"embeddable":true,"href":"http:\/\/desarrollo.grupomedios.com\/futbol\/wp-json\/wp\/v2\/comments?post=477446"}],"version-history":[{"count":1,"href":"http:\/\/desarrollo.grupomedios.com\/futbol\/wp-json\/wp\/v2\/posts\/477446\/revisions"}],"predecessor-version":[{"id":477451,"href":"http:\/\/desarrollo.grupomedios.com\/futbol\/wp-json\/wp\/v2\/posts\/477446\/revisions\/477451"}],"wp:featuredmedia":[{"embeddable":true,"href":"http:\/\/desarrollo.grupomedios.com\/futbol\/wp-json\/wp\/v2\/media\/477447"}],"wp:attachment":[{"href":"http:\/\/desarrollo.grupomedios.com\/futbol\/wp-json\/wp\/v2\/media?parent=477446"}],"wp:term":[{"taxonomy":"category","embeddable":true,"href":"http:\/\/desarrollo.grupomedios.com\/futbol\/wp-json\/wp\/v2\/categories?post=477446"},{"taxonomy":"post_tag","embeddable":true,"href":"http:\/\/desarrollo.grupomedios.com\/futbol\/wp-json\/wp\/v2\/tags?post=477446"}],"curies":[{"name":"wp","href":"https:\/\/api.w.org\/{rel}","templated":true}]}}