{"id":477461,"date":"2017-05-05T14:52:10","date_gmt":"2017-05-05T19:52:10","guid":{"rendered":"https:\/\/www.futboltotal.com.mx\/?p=477461"},"modified":"2017-05-05T14:52:10","modified_gmt":"2017-05-05T19:52:10","slug":"espanyol-insiste-al-porto-baje-precio-diego-reyes","status":"publish","type":"post","link":"http:\/\/desarrollo.grupomedios.com\/futbol\/futbol-internacional\/espanyol-insiste-al-porto-baje-precio-diego-reyes\/2017\/05","title":{"rendered":"Espanyol insiste al Porto para que baje precio de Diego Reyes"},"content":{"rendered":"<p>El central <strong>Diego Reyes<\/strong> ha cuajado una muy buena temporada jugando cedido para el <strong>Espanyol,<\/strong> club que quiere mantener al mexicano en su plantilla, pero los <strong>7 millones de euros<\/strong> que el <strong>Porto<\/strong> pide por su carta son el mayor impedimento.<\/p>\n<p>Seg\u00fan el diario espa\u00f1ol Marca, el cuadro <em>espanyolista<\/em> ha buscado negociar con los Dragones para lograr bajar dicha cifra y que el tambi\u00e9n jugador del <em><strong>Tri<\/strong><\/em> siga bajo las \u00f3rdenes del t\u00e9cnico <strong>Quique S\u00e1nchez Flores<\/strong>.<\/p>\n<p style=\"text-align: center;\"><span style=\"color: #333399;\"><a style=\"color: #333399;\" href=\"https:\/\/www.futboltotal.com.mx\/2017\/05\/caixinha-quiere-tres-jugadores-la-liga-mx-rangers\/\" target=\"_blank\">VER M\u00c1S: Caixinha quiere 3 jugadores de la Liga MX para el Rangers escoc\u00e9s<\/a><\/span><\/p>\n<p>Reyes ya lleva 4 a\u00f1os en su andar por el futbol europeo, luego de que en 2013 fuera fichado por el <strong>Porto<\/strong>, equipo con el que no ha logrado el protagonismo deseado, incluso siendo relegado al filial y ya con dos cesiones, a la <strong>Real Sociedad<\/strong> el torneo pasado y actualmente con los <em>Periquitos<\/em>.<\/p>\n<p><span style=\"color: #333399;\"><a style=\"color: #333399;\" href=\"https:\/\/www.futboltotal.com.mx\/2017\/05\/diego-reyes-deja-en-aire-espanyol\/\" target=\"_blank\"><strong>Diego Reyes<\/strong> desconoce lo que le depara su futuro deportivo<\/a><\/span> y ha externado que lo \u00fanico que quieres es estar con un club en el que tenga minutos de juego.<\/p>\n<p style=\"text-align: center;\"><span style=\"color: #333399;\"><a style=\"color: #333399;\" href=\"https:\/\/www.futboltotal.com.mx\/2017\/05\/sevilla-analiza-fichar-a-edwin-cardona-del-monterrey\/\" target=\"_blank\">VER M\u00c1S: El Sevilla analiza fichar a Edwin Cardona del Monterrey<\/a><\/span><\/p>\n","protected":false},"excerpt":{"rendered":"<p>Los Periquitos insisten en negociar con el Porto para pagar menor por Diego Reyes.<\/p>\n","protected":false},"author":20,"featured_media":463437,"comment_status":"closed","ping_status":"closed","sticky":false,"template":"","format":"standard","meta":[],"categories":[7740,3839,3844,6718],"tags":[6006,67,4847,1208],"_links":{"self":[{"href":"http:\/\/desarrollo.grupomedios.com\/futbol\/wp-json\/wp\/v2\/posts\/477461"}],"collection":[{"href":"http:\/\/desarrollo.grupomedios.com\/futbol\/wp-json\/wp\/v2\/posts"}],"about":[{"href":"http:\/\/desarrollo.grupomedios.com\/futbol\/wp-json\/wp\/v2\/types\/post"}],"author":[{"embeddable":true,"href":"http:\/\/desarrollo.grupomedios.com\/futbol\/wp-json\/wp\/v2\/users\/20"}],"replies":[{"embeddable":true,"href":"http:\/\/desarrollo.grupomedios.com\/futbol\/wp-json\/wp\/v2\/comments?post=477461"}],"version-history":[{"count":1,"href":"http:\/\/desarrollo.grupomedios.com\/futbol\/wp-json\/wp\/v2\/posts\/477461\/revisions"}],"predecessor-version":[{"id":477469,"href":"http:\/\/desarrollo.grupomedios.com\/futbol\/wp-json\/wp\/v2\/posts\/477461\/revisions\/477469"}],"wp:featuredmedia":[{"embeddable":true,"href":"http:\/\/desarrollo.grupomedios.com\/futbol\/wp-json\/wp\/v2\/media\/463437"}],"wp:attachment":[{"href":"http:\/\/desarrollo.grupomedios.com\/futbol\/wp-json\/wp\/v2\/media?parent=477461"}],"wp:term":[{"taxonomy":"category","embeddable":true,"href":"http:\/\/desarrollo.grupomedios.com\/futbol\/wp-json\/wp\/v2\/categories?post=477461"},{"taxonomy":"post_tag","embeddable":true,"href":"http:\/\/desarrollo.grupomedios.com\/futbol\/wp-json\/wp\/v2\/tags?post=477461"}],"curies":[{"name":"wp","href":"https:\/\/api.w.org\/{rel}","templated":true}]}}