{"id":477480,"date":"2017-05-05T16:27:37","date_gmt":"2017-05-05T21:27:37","guid":{"rendered":"https:\/\/www.futboltotal.com.mx\/?p=477480"},"modified":"2017-05-05T16:28:28","modified_gmt":"2017-05-05T21:28:28","slug":"vela-anota-la-real-sigue-sonando-europa","status":"publish","type":"post","link":"http:\/\/desarrollo.grupomedios.com\/futbol\/destacado-home\/vela-anota-la-real-sigue-sonando-europa\/2017\/05","title":{"rendered":"Vela anota y mantiene sue\u00f1o europeo de la Real"},"content":{"rendered":"<p>Por segundo partido consecutivo, el delantero mexicano <strong>Carlos Vela<\/strong> consigui\u00f3 anotar con la Real Sociedad. En la Jornada 36 de la liga espa\u00f1ola, el Bombardero fue titular en el S\u00e1nchez Pizju\u00e1n y capitaliz\u00f3 la primera ocasi\u00f3n de gol que tuvo firmando el empate 1-1 ante el Sevilla.<\/p>\n<p>Cuando corr\u00eda el minuto 60, el mexicano sac\u00f3 oro molido de un error defensivo y caz\u00f3 un mal rechace que no pudo despejar Enzonzi. Con la zurda mand\u00f3 guardar el bal\u00f3n y puso tablas en el marcador tras el gol de Pablo Sarabia en el ocaso del primer tiempo.<\/p>\n<p style=\"text-align: center;\"><span style=\"color: #3366ff;\">VER M\u00c1S: Todas las noticias de futbol internacional<\/span><\/p>\n<p><iframe loading=\"lazy\" src=\"https:\/\/www.youtube.com\/embed\/CO582DZ885E\" frameborder=\"0\" allowfullscreen=\"allowfullscreen\"><\/iframe><\/p>\n<p style=\"text-align: left;\">El gol de <strong>Vela<\/strong> no fue poca cosa para Real Sociedad. Sirvi\u00f3 de colch\u00f3n para que los donostiarras lograran salir vivos del S\u00e1nchez Pizju\u00e1n y ara\u00f1aran un punto que les permite llegar a 62 unidades y seguir en la pelea por el pasaporte a la Europa League.<\/p>\n<p style=\"text-align: left;\">El Sevilla, por su parte, se qued\u00f3 en la cuarta plaza con 69 unidades cuando solo faltan dos jornadas para acabe el campeonato.<\/p>\n<p style=\"text-align: left;\"><strong>Vela<\/strong> jug\u00f3 80 minutos y en el primer tiempo no tuvo ocasiones de gole. Fue hasta la parte complementaria cuando pudo pesar en el ataque e incluso tuvo otro par de ocasiones para ampliar la ventaja. Primero con una preciosa jugada en la que recibi\u00f3 un gran pase, rompi\u00f3 la cintura a un rival y, desafortunadamete, fall\u00f3 en la definici\u00f3n. Y para rematar tras un buen pase en el que sac\u00f3 un frentazo desviado.<\/p>\n<p style=\"text-align: left;\">Aun as\u00ed, el mexicano encaden\u00f3 su segundo partido marcando y firm\u00f3 su d\u00e9cimo tanto de la temporada -9 en liga y uno en copa- manteni\u00e9ndose en el podio de los tres mejores anotadores del club en el campeonato dom\u00e9stico.<\/p>\n<p style=\"text-align: left;\">Aunado a ello la Real Sociedad se mantiene en la s\u00e9ptima plaza y tiene opciones de jugar la Europa League, pues le restan dos fechas en las que enfrentar\u00e1n al M\u00f1alaga y al Celta.<\/p>\n<p style=\"text-align: left;\">\n","protected":false},"excerpt":{"rendered":"<p>El mexicano lleg\u00f3 a 10 goles en la temporada tras anotar en el S\u00e1nchez Pizju\u00e1n.<\/p>\n","protected":false},"author":20,"featured_media":477491,"comment_status":"closed","ping_status":"closed","sticky":false,"template":"","format":"standard","meta":[],"categories":[5,3839,3844],"tags":[6048,102],"_links":{"self":[{"href":"http:\/\/desarrollo.grupomedios.com\/futbol\/wp-json\/wp\/v2\/posts\/477480"}],"collection":[{"href":"http:\/\/desarrollo.grupomedios.com\/futbol\/wp-json\/wp\/v2\/posts"}],"about":[{"href":"http:\/\/desarrollo.grupomedios.com\/futbol\/wp-json\/wp\/v2\/types\/post"}],"author":[{"embeddable":true,"href":"http:\/\/desarrollo.grupomedios.com\/futbol\/wp-json\/wp\/v2\/users\/20"}],"replies":[{"embeddable":true,"href":"http:\/\/desarrollo.grupomedios.com\/futbol\/wp-json\/wp\/v2\/comments?post=477480"}],"version-history":[{"count":4,"href":"http:\/\/desarrollo.grupomedios.com\/futbol\/wp-json\/wp\/v2\/posts\/477480\/revisions"}],"predecessor-version":[{"id":477496,"href":"http:\/\/desarrollo.grupomedios.com\/futbol\/wp-json\/wp\/v2\/posts\/477480\/revisions\/477496"}],"wp:featuredmedia":[{"embeddable":true,"href":"http:\/\/desarrollo.grupomedios.com\/futbol\/wp-json\/wp\/v2\/media\/477491"}],"wp:attachment":[{"href":"http:\/\/desarrollo.grupomedios.com\/futbol\/wp-json\/wp\/v2\/media?parent=477480"}],"wp:term":[{"taxonomy":"category","embeddable":true,"href":"http:\/\/desarrollo.grupomedios.com\/futbol\/wp-json\/wp\/v2\/categories?post=477480"},{"taxonomy":"post_tag","embeddable":true,"href":"http:\/\/desarrollo.grupomedios.com\/futbol\/wp-json\/wp\/v2\/tags?post=477480"}],"curies":[{"name":"wp","href":"https:\/\/api.w.org\/{rel}","templated":true}]}}