{"id":477507,"date":"2017-05-05T16:49:42","date_gmt":"2017-05-05T21:49:42","guid":{"rendered":"https:\/\/www.futboltotal.com.mx\/?p=477507"},"modified":"2017-05-05T16:49:42","modified_gmt":"2017-05-05T21:49:42","slug":"mas-chilenos-para-mexico-leon-busca-a-dos-de-peligro","status":"publish","type":"post","link":"http:\/\/desarrollo.grupomedios.com\/futbol\/futbol-mexicano\/mas-chilenos-para-mexico-leon-busca-a-dos-de-peligro\/2017\/05","title":{"rendered":"\u00a1M\u00e1s chilenos para M\u00e9xico! Le\u00f3n busca a dos de peligro"},"content":{"rendered":"<p>El Le\u00f3n est\u00e1 cerca de fichar a dos futbolistas chilenos, por lo que la presencia de andinos en la Liga MX seguir\u00eda creciendo, se trata de <strong>Leonardo Valencia<\/strong> y <strong>Felipe Mora<\/strong>, quienes fueron solicitados por Javier Torrente, en busca de mejorar la calidad del plantel y limpiar el vestidor de las asperezas de las que aparentemente se duelen.<\/p>\n<p>De acuerdo al <em>diario AS<\/em>, Grupo Pachuca tiene en su mirada a <strong>Leonardo Valencia<\/strong> y <strong>Felipe Mora<\/strong> desde hace un semestre, gracias a la adquisici\u00f3n del Everton de Vi\u00f1a del Mar, conjunto que le permiti\u00f3 ampliar sus visor\u00edas en el futbol chileno.<\/p>\n<p style=\"text-align: center;\"><span style=\"color: #3366ff;\"><a style=\"color: #3366ff;\" href=\"https:\/\/www.futboltotal.com.mx\/2017\/05\/significa-fan-del-leon\/\" target=\"_blank\"><strong>VER M\u00c1S: \u00bfQu\u00e9 significa ser fan del Le\u00f3n?<\/strong><\/a><\/span><\/p>\n<p>Previo al Clausura 2017 ya hab\u00eda negociaciones, pero los due\u00f1os de las cartas de <strong>Leonardo Valencia<\/strong>, del Palestino, y de <strong>Felipe Mora<\/strong>, de Universidad de Chile, no cedieron en la negociaci\u00f3n; pero en esta ocasi\u00f3n, ya habr\u00eda acuerdo, adem\u00e1s de que la directiva del Le\u00f3n est\u00e1 contenta con el rendimiento de ambos futbolistas, pues el segundo de ellos, es el m\u00e1ximo romperredes del certamen andino, en lo que va de la campa\u00f1a, con 10 anotaciones.<\/p>\n<p>S\u00edguenos en Twitter: <a href=\"https:\/\/twitter.com\/MXFutbolTotal\" target=\"_blank\">@MXFutbolTotal<\/a><\/p>\n","protected":false},"excerpt":{"rendered":"<p>La Fiera fichar\u00eda a dos andinos que ya quer\u00eda desde el Clausura 2017.<\/p>\n","protected":false},"author":20,"featured_media":477510,"comment_status":"closed","ping_status":"closed","sticky":false,"template":"","format":"standard","meta":[],"categories":[7740,2198],"tags":[5965],"_links":{"self":[{"href":"http:\/\/desarrollo.grupomedios.com\/futbol\/wp-json\/wp\/v2\/posts\/477507"}],"collection":[{"href":"http:\/\/desarrollo.grupomedios.com\/futbol\/wp-json\/wp\/v2\/posts"}],"about":[{"href":"http:\/\/desarrollo.grupomedios.com\/futbol\/wp-json\/wp\/v2\/types\/post"}],"author":[{"embeddable":true,"href":"http:\/\/desarrollo.grupomedios.com\/futbol\/wp-json\/wp\/v2\/users\/20"}],"replies":[{"embeddable":true,"href":"http:\/\/desarrollo.grupomedios.com\/futbol\/wp-json\/wp\/v2\/comments?post=477507"}],"version-history":[{"count":1,"href":"http:\/\/desarrollo.grupomedios.com\/futbol\/wp-json\/wp\/v2\/posts\/477507\/revisions"}],"predecessor-version":[{"id":477508,"href":"http:\/\/desarrollo.grupomedios.com\/futbol\/wp-json\/wp\/v2\/posts\/477507\/revisions\/477508"}],"wp:featuredmedia":[{"embeddable":true,"href":"http:\/\/desarrollo.grupomedios.com\/futbol\/wp-json\/wp\/v2\/media\/477510"}],"wp:attachment":[{"href":"http:\/\/desarrollo.grupomedios.com\/futbol\/wp-json\/wp\/v2\/media?parent=477507"}],"wp:term":[{"taxonomy":"category","embeddable":true,"href":"http:\/\/desarrollo.grupomedios.com\/futbol\/wp-json\/wp\/v2\/categories?post=477507"},{"taxonomy":"post_tag","embeddable":true,"href":"http:\/\/desarrollo.grupomedios.com\/futbol\/wp-json\/wp\/v2\/tags?post=477507"}],"curies":[{"name":"wp","href":"https:\/\/api.w.org\/{rel}","templated":true}]}}