{"id":477523,"date":"2017-05-06T13:00:06","date_gmt":"2017-05-06T18:00:06","guid":{"rendered":"https:\/\/www.futboltotal.com.mx\/?p=477523"},"modified":"2017-05-06T15:48:25","modified_gmt":"2017-05-06T20:48:25","slug":"en-vivo-granada-vs-real-madrid-la-liga","status":"publish","type":"post","link":"http:\/\/desarrollo.grupomedios.com\/futbol\/futbol-internacional\/en-vivo-granada-vs-real-madrid-la-liga\/2017\/05","title":{"rendered":"AS\u00cd SE VIVI\u00d3 | Granada 0-4 Real Madrid | La Liga"},"content":{"rendered":"<p style=\"text-align: center;\"><span style=\"color: #333399;\"><a style=\"color: #333399;\" href=\"https:\/\/en-vivo.futboltotal.com.mx\/partido\/en-vivo-granada-vs-real-madrid-la-liga\/64\/\" target=\"_blank\">DA CLICK AQU\u00cd PARA SEGUIR EL EN VIVO DEL GRANADA VS. REAL MADRID<\/a><\/span><\/p>\n<p>El <strong>Real Madrid<\/strong> iniciar\u00e1 ante el<strong> <span class=\"classCadenaBusqueda\">Granada<\/span><\/strong> el asalto hacia un doblete (Liga y Liga de Campeones) que no consigue desde 1958, cuando en tiempos de Alfredo Di St\u00e9fano el club blanco levant\u00f3 dos t\u00edtulos que desde entonces jam\u00e1s ha vuelto a lograr a la vez.<\/p>\n<p>El estadio de Los C\u00e1rmenes ser\u00e1 el primero en poner a prueba ese intento madridista por sumar a sus vitrinas un par de trofeos que se resisten en llegar al Real Madrid en una misma temporada. Pero, aparte del <span class=\"classCadenaBusqueda\">Granada<\/span>, esperan otras 6 finales que suman 540 minutos para que los hombres de Zidane alcancen ese deseado \u00e9xito.<\/p>\n<p><span class=\"classCadenaBusqueda\">Granada<\/span>, Atl\u00e9tico de Madrid, Sevilla, Celta, M\u00e1laga y una hipot\u00e9tica final en Cardiff de la Liga de Campeones, ser\u00e1n los \u00faltimos escollos para una plantilla que sue\u00f1a con hacer algo grande.<\/p>\n<p style=\"text-align: center;\"><span style=\"color: #333399;\"><a style=\"color: #333399;\" href=\"https:\/\/en-vivo.futboltotal.com.mx\/partido\/en-vivo-granada-vs-real-madrid-la-liga\/64\/\" target=\"_blank\">DA CLICK AQU\u00cd PARA SEGUIR EL EN VIVO DEL GRANADA VS. REAL MADRID<\/a><\/span><\/p>\n<p>Y, el primer escenario, el campo del <span class=\"classCadenaBusqueda\">Granada<\/span>, es favorable para el cuadro madridista, con 11 victorias y 6 empates en las 22 veces que se han enfrentado al conjunto andaluz a lo largo de la historia.<\/p>\n<p>El pulso con el Barcelona, de momento l\u00edder con un partido m\u00e1s y con los mismos puntos que el Real Madrid, contin\u00faa con pocos encuentros por delante. Pero los hombres de Zidane llegar\u00e1n al duelo inmersos en un gran momento provocado por el 3-0 que consiguieron ante el Atl\u00e9tico de Madrid en la ida de las semifinales de la Liga de Campeones.<\/p>\n<p>Por su parte, el conjunto andaluz llega al encuentro tras certificar su descenso a Segunda Divisi\u00f3n al perder en la pasada jornada en el campo de la Real Sociedad (2-1).<\/p>\n<p>El <span class=\"classCadenaBusqueda\">Granada<\/span> vive un estado depresivo al haber sumado s\u00f3lo un punto en las diez \u00faltimas jornadas y acumular cinco derrotas consecutivas como local, cayendo de forma continuada ante Atl\u00e9tico de Madrid (0-1), Barcelona (1-4), Valencia (1-3), Celta (0-3) y M\u00e1laga (0-2).<\/p>\n","protected":false},"excerpt":{"rendered":"<p>Los Merengues buscan una importante victoria para enfilarse a ganar la liga. <\/p>\n","protected":false},"author":20,"featured_media":477647,"comment_status":"closed","ping_status":"closed","sticky":false,"template":"","format":"standard","meta":[],"categories":[3839,3844],"tags":[700,76,5988],"_links":{"self":[{"href":"http:\/\/desarrollo.grupomedios.com\/futbol\/wp-json\/wp\/v2\/posts\/477523"}],"collection":[{"href":"http:\/\/desarrollo.grupomedios.com\/futbol\/wp-json\/wp\/v2\/posts"}],"about":[{"href":"http:\/\/desarrollo.grupomedios.com\/futbol\/wp-json\/wp\/v2\/types\/post"}],"author":[{"embeddable":true,"href":"http:\/\/desarrollo.grupomedios.com\/futbol\/wp-json\/wp\/v2\/users\/20"}],"replies":[{"embeddable":true,"href":"http:\/\/desarrollo.grupomedios.com\/futbol\/wp-json\/wp\/v2\/comments?post=477523"}],"version-history":[{"count":6,"href":"http:\/\/desarrollo.grupomedios.com\/futbol\/wp-json\/wp\/v2\/posts\/477523\/revisions"}],"predecessor-version":[{"id":477651,"href":"http:\/\/desarrollo.grupomedios.com\/futbol\/wp-json\/wp\/v2\/posts\/477523\/revisions\/477651"}],"wp:featuredmedia":[{"embeddable":true,"href":"http:\/\/desarrollo.grupomedios.com\/futbol\/wp-json\/wp\/v2\/media\/477647"}],"wp:attachment":[{"href":"http:\/\/desarrollo.grupomedios.com\/futbol\/wp-json\/wp\/v2\/media?parent=477523"}],"wp:term":[{"taxonomy":"category","embeddable":true,"href":"http:\/\/desarrollo.grupomedios.com\/futbol\/wp-json\/wp\/v2\/categories?post=477523"},{"taxonomy":"post_tag","embeddable":true,"href":"http:\/\/desarrollo.grupomedios.com\/futbol\/wp-json\/wp\/v2\/tags?post=477523"}],"curies":[{"name":"wp","href":"https:\/\/api.w.org\/{rel}","templated":true}]}}