{"id":477529,"date":"2017-05-06T07:52:14","date_gmt":"2017-05-06T12:52:14","guid":{"rendered":"https:\/\/www.futboltotal.com.mx\/?p=477529"},"modified":"2017-05-06T10:28:42","modified_gmt":"2017-05-06T15:28:42","slug":"en-vivo-ingolstadt-vs-bayer-leverkusen-bundesliga","status":"publish","type":"post","link":"http:\/\/desarrollo.grupomedios.com\/futbol\/futbol-internacional\/en-vivo-ingolstadt-vs-bayer-leverkusen-bundesliga\/2017\/05","title":{"rendered":"AS\u00cd SE VIVI\u00d3 | Ingolstadt 1-1 Bayer Leverkusen | Bundesliga"},"content":{"rendered":"<p style=\"text-align: center;\"><a href=\"https:\/\/en-vivo.futboltotal.com.mx\/partido\/en-vivo-ingolstadt-vs-bayer-leverkusen-bundesliga%20\/65\/\"><span style=\"color: #3366ff;\">DA CLICK AQU\u00cd PARA SEGUIR EL EN VIVO DEL PARTIDO INGOLSTADT VS. BAYER LEVERKUSEN<\/span><\/a><\/p>\n<p>Ya sin opciones de competir en las copas europeas de la siguiente temporada,<strong> Bayer Leverkusen<\/strong> y el atacante mexicano Javier <strong>Chicharito<\/strong>\u00a0Hern\u00e1ndez tratar\u00e1n de cerrar con dignidad su participaci\u00f3n en la Liga de Alemania.<\/p>\n<p>As\u00ed que es fundamental sumar victorias en las \u00faltimas tres fechas que restan en la Bundesliga y por lo pronto este s\u00e1bado visitar\u00e1n al Ingolstadt, que lucha por evitar el descenso, por lo que ser\u00e1 un rival complicado de encarar en el Audi Sportpark.<\/p>\n<p>Bayer tiene 36 unidades en el d\u00e9cimo segundo pelda\u00f1o de la clasificaci\u00f3n, ya sin oportunidad de colocarse entre los primeros seis puestos que otorgan pase a las competiciones europeas, los cuatro primeros a Champions League y el quinto y sexto sitio van a UEFA Europa League.<\/p>\n<p style=\"text-align: center;\"><a href=\"https:\/\/en-vivo.futboltotal.com.mx\/partido\/en-vivo-ingolstadt-vs-bayer-leverkusen-bundesliga%20\/65\/\"><span style=\"color: #3366ff;\">DA CLICK AQU\u00cd PARA SEGUIR EL EN VIVO DEL PARTIDO INGOLSTADT VS. BAYER LEVERKUSEN<\/span><\/a><\/p>\n<p>Por su lado, Ingolstadt posee 29 puntos en el d\u00e9cimo s\u00e9ptimo puestos, pen\u00faltimo de la tabla, a tres unidades lograr la salvaci\u00f3n siempre y cuando tambi\u00e9n le acompa\u00f1e una serie de malos resultados para Hamburgo, Wolfsburgo y Mainz. Aunque para no depender de otros ser\u00e1 fundamental ganar el resto de sus choques de la campa\u00f1a.<\/p>\n<p>            <a class=\"twitter-timeline\"  href=\"https:\/\/twitter.com\/search?q=from%3Abayer04_es%20OR%20from%3ASchanzer_EN\" data-widget-id=\"860852759687573504\">Tweets sobre from:bayer04_es OR from:Schanzer_EN<\/a><br \/>\n            <script>!function(d,s,id){var js,fjs=d.getElementsByTagName(s)[0],p=\/^http:\/.test(d.location)?'http':'https';if(!d.getElementById(id)){js=d.createElement(s);js.id=id;js.src=p+\":\/\/platform.twitter.com\/widgets.js\";fjs.parentNode.insertBefore(js,fjs);}}(document,\"script\",\"twitter-wjs\");<\/script><\/p>\n<p>De esta manera, una temporada m\u00e1s de la Bundesliga est\u00e1 por concluir en la que en Bayer Leverkusen, &#8220;Chicharito&#8221; Hern\u00e1ndez espera aumentar su cuota goleadora de 10 tantos en Liga alemana, complicado de igualar su marca de 17 anotados en la pasada campa\u00f1a.<\/p>\n<p>El delantero mexicano no competir\u00e1 en copas europeas en la pr\u00f3xima campa\u00f1a, situaci\u00f3n que lo podr\u00eda hacer meditar sobre un posible cambio de aires, ya que adem\u00e1s no ha tenido total confianza del estratega Tayfun Korkut, quien remplaz\u00f3 a Roger Schmidt hace unas jornadas.<\/p>\n","protected":false},"excerpt":{"rendered":"<p>CH7 espera volver a la titularidad y reencontrarse con el gol en la J32.<\/p>\n","protected":false},"author":20,"featured_media":477533,"comment_status":"closed","ping_status":"closed","sticky":false,"template":"","format":"standard","meta":[],"categories":[3839,6822,6718],"tags":[4335,120],"_links":{"self":[{"href":"http:\/\/desarrollo.grupomedios.com\/futbol\/wp-json\/wp\/v2\/posts\/477529"}],"collection":[{"href":"http:\/\/desarrollo.grupomedios.com\/futbol\/wp-json\/wp\/v2\/posts"}],"about":[{"href":"http:\/\/desarrollo.grupomedios.com\/futbol\/wp-json\/wp\/v2\/types\/post"}],"author":[{"embeddable":true,"href":"http:\/\/desarrollo.grupomedios.com\/futbol\/wp-json\/wp\/v2\/users\/20"}],"replies":[{"embeddable":true,"href":"http:\/\/desarrollo.grupomedios.com\/futbol\/wp-json\/wp\/v2\/comments?post=477529"}],"version-history":[{"count":6,"href":"http:\/\/desarrollo.grupomedios.com\/futbol\/wp-json\/wp\/v2\/posts\/477529\/revisions"}],"predecessor-version":[{"id":477620,"href":"http:\/\/desarrollo.grupomedios.com\/futbol\/wp-json\/wp\/v2\/posts\/477529\/revisions\/477620"}],"wp:featuredmedia":[{"embeddable":true,"href":"http:\/\/desarrollo.grupomedios.com\/futbol\/wp-json\/wp\/v2\/media\/477533"}],"wp:attachment":[{"href":"http:\/\/desarrollo.grupomedios.com\/futbol\/wp-json\/wp\/v2\/media?parent=477529"}],"wp:term":[{"taxonomy":"category","embeddable":true,"href":"http:\/\/desarrollo.grupomedios.com\/futbol\/wp-json\/wp\/v2\/categories?post=477529"},{"taxonomy":"post_tag","embeddable":true,"href":"http:\/\/desarrollo.grupomedios.com\/futbol\/wp-json\/wp\/v2\/tags?post=477529"}],"curies":[{"name":"wp","href":"https:\/\/api.w.org\/{rel}","templated":true}]}}