{"id":477540,"date":"2017-05-06T08:05:17","date_gmt":"2017-05-06T13:05:17","guid":{"rendered":"https:\/\/www.futboltotal.com.mx\/?p=477540"},"modified":"2017-05-06T10:28:10","modified_gmt":"2017-05-06T15:28:10","slug":"en-vivo-eintracht-frankfurt-vs-wolfsburgo-bundesliga","status":"publish","type":"post","link":"http:\/\/desarrollo.grupomedios.com\/futbol\/futbol-internacional\/en-vivo-eintracht-frankfurt-vs-wolfsburgo-bundesliga\/2017\/05","title":{"rendered":"AS\u00cd SE VIVI\u00d3 | Eintracht Frankfurt 0-2 Wolfsburgo | Bundesliga"},"content":{"rendered":"<p style=\"text-align: center;\"><a href=\"https:\/\/en-vivo.futboltotal.com.mx\/partido\/en-vivo-eintracht-frankfurt-vs-wolfsburgo-bundelsiga\/66\/\"><span style=\"color: #3366ff;\">DA CLICK AQU\u00cd PARA VER EL PARTIDO \u00a0EINTRACHT FRANKFURT VS. WOLFSBURGO<\/span><\/a><\/p>\n<p><strong>Eintracht Frankfur<\/strong>t, donde milita el mediocampista mexicano <strong>Marco Fabi\u00e1n<\/strong>, se jugar\u00e1 este s\u00e1bado una de sus \u00faltimas cartas para colocarse en los puestos de competiciones europeas dentro de la Liga de Alemania.<\/p>\n<p>Las &#8220;\u00c1guilas&#8221; tienen 41 puntos en el und\u00e9cimo pelda\u00f1o, pero por lo apretado de la Liga todav\u00eda tiene opciones de lograr el cometido; Werder Bremen con 45 unidades en el sexto escal\u00f3n marca el l\u00edmite para clasificar a la UEFA Europa League de la siguiente campa\u00f1a.<\/p>\n<p style=\"text-align: center;\"><a href=\"https:\/\/en-vivo.futboltotal.com.mx\/partido\/en-vivo-eintracht-frankfurt-vs-wolfsburgo-bundelsiga\/66\/\"><span style=\"color: #3366ff;\">DA CLICK AQU\u00cd PARA VER EL PARTIDO \u00a0EINTRACHT FRANKFURT VS. WOLFSBURGO<\/span><\/a><\/p>\n<p>Pero enfrente tendr\u00e1 a un conjunto del Wolfsburgo, que para nada ser\u00e1 sencillo, pues pelea por mantenerse en la m\u00e1xima categor\u00eda del futbol alem\u00e1n.<\/p>\n<p>Los <em>Wolves<\/em>\u00a0marchan en el d\u00e9cimo quinto esca\u00f1o con 33 unidades y por ahora la diferencia de goles le salvar\u00eda, ya que Hamburgo cuenta con la misma cantidad de puntos y en estos momentos disputar\u00eda la promoci\u00f3n por evitar el descenso, m\u00e1s abajo vienen Ingolstadt (29) y Darmstadt (24).<\/p>\n<p>Como ha sido una costumbre en los \u00faltimos juegos desde que est\u00e1 al cien por ciento f\u00edsicamente, Marco Fabi\u00e1n, candidato a ser uno de los mejores mediocampistas de la campa\u00f1a, ser\u00e1 titular este s\u00e1bado ma\u00f1ana con Eintracht a la espera de ser pieza clave para lograr el triunfo.<\/p>\n<p>Fabi\u00e1n de la Mora, a pesar de que no es delantero y s\u00f3lo ha tenido participaci\u00f3n en 21 compromisos anteriores de la Bundesliga, es el goleador de su escuadra con siete dianas.<\/p>\n","protected":false},"excerpt":{"rendered":"<p>Marco Fabi\u00e1n y las \u00c1guilas se juegan una de sus \u00faltimas cartas para puestos europeos.<\/p>\n","protected":false},"author":20,"featured_media":477542,"comment_status":"closed","ping_status":"closed","sticky":false,"template":"","format":"standard","meta":[],"categories":[3839,6822,6718],"tags":[8482,131],"_links":{"self":[{"href":"http:\/\/desarrollo.grupomedios.com\/futbol\/wp-json\/wp\/v2\/posts\/477540"}],"collection":[{"href":"http:\/\/desarrollo.grupomedios.com\/futbol\/wp-json\/wp\/v2\/posts"}],"about":[{"href":"http:\/\/desarrollo.grupomedios.com\/futbol\/wp-json\/wp\/v2\/types\/post"}],"author":[{"embeddable":true,"href":"http:\/\/desarrollo.grupomedios.com\/futbol\/wp-json\/wp\/v2\/users\/20"}],"replies":[{"embeddable":true,"href":"http:\/\/desarrollo.grupomedios.com\/futbol\/wp-json\/wp\/v2\/comments?post=477540"}],"version-history":[{"count":6,"href":"http:\/\/desarrollo.grupomedios.com\/futbol\/wp-json\/wp\/v2\/posts\/477540\/revisions"}],"predecessor-version":[{"id":477619,"href":"http:\/\/desarrollo.grupomedios.com\/futbol\/wp-json\/wp\/v2\/posts\/477540\/revisions\/477619"}],"wp:featuredmedia":[{"embeddable":true,"href":"http:\/\/desarrollo.grupomedios.com\/futbol\/wp-json\/wp\/v2\/media\/477542"}],"wp:attachment":[{"href":"http:\/\/desarrollo.grupomedios.com\/futbol\/wp-json\/wp\/v2\/media?parent=477540"}],"wp:term":[{"taxonomy":"category","embeddable":true,"href":"http:\/\/desarrollo.grupomedios.com\/futbol\/wp-json\/wp\/v2\/categories?post=477540"},{"taxonomy":"post_tag","embeddable":true,"href":"http:\/\/desarrollo.grupomedios.com\/futbol\/wp-json\/wp\/v2\/tags?post=477540"}],"curies":[{"name":"wp","href":"https:\/\/api.w.org\/{rel}","templated":true}]}}