{"id":477557,"date":"2017-05-06T19:01:38","date_gmt":"2017-05-07T00:01:38","guid":{"rendered":"https:\/\/www.futboltotal.com.mx\/?p=477557"},"modified":"2017-05-06T20:55:55","modified_gmt":"2017-05-07T01:55:55","slug":"en-vivo-leon-vs-cruz-azul-clausura-2017","status":"publish","type":"post","link":"http:\/\/desarrollo.grupomedios.com\/futbol\/futbol-mexicano\/en-vivo-leon-vs-cruz-azul-clausura-2017\/2017\/05","title":{"rendered":"AS\u00cd SE VIVI\u00d3 | Le\u00f3n 1-2 Cruz Azul | Clausura 2017"},"content":{"rendered":"<p style=\"text-align: center;\"><span style=\"color: #3366ff;\"><a style=\"color: #3366ff;\" href=\"https:\/\/en-vivo.futboltotal.com.mx\/partido\/leon-vs-cruz-azul-jornada-17-clausura-2017\/67\/\" target=\"_blank\"><strong>DA CLICK AQU\u00cd Y SIGUE EN VIVO A LA FIERA VS. LA M\u00c1QUINA HOY A LAS 19:06 HRS.<\/strong><\/a><\/span><\/p>\n<p>El <strong>Le\u00f3n vs Cruz Azul<\/strong>, ser\u00e1 el segundo encuentro de la jornada 17 del Clausura 2017, donde ambas escuadras buscar\u00e1n cerrar el torneo de forma digna; la <em>Fiera<\/em> quiere meterse a la Liguilla, pero sus aspiraciones son m\u00ednimas, mientras que la <em>M\u00e1quina<\/em> ya piensa en la siguiente temporada, donde ya podr\u00eda enfrentarse al drama del descenso. Las acciones inician a las 19:06 horas del s\u00e1bado 6 de mayo.<\/p>\n<p><strong>Le\u00f3n<\/strong> tiene 20 unidades y se ubica en la posici\u00f3n 12 de la competencia, por lo que buscar\u00e1 los tres puntos que lo metan milagrosamente a la Liguilla; pero requerir\u00e1 de la combinaci\u00f3n de otros cuatro resultados: Quer\u00e9taro-Tigres, Monterrey-Morelia, Am\u00e9rica-Pachuca y Xolos-Veracruz. Si la UANL, <em>Monarcas<\/em>, <em>\u00c1guilas<\/em>, <em>Tuzos<\/em> o <em>Tiburones<\/em> suman tres puntos, ya no tendr\u00e1n posibilidades de Fiesta Grande.<\/p>\n<p style=\"text-align: center;\"><span style=\"color: #3366ff;\"><a style=\"color: #3366ff;\" href=\"https:\/\/en-vivo.futboltotal.com.mx\/partido\/leon-vs-cruz-azul-jornada-17-clausura-2017\/67\/\" target=\"_blank\"><strong>DA CLICK AQU\u00cd Y SIGUE EN VIVO A LA FIERA VS. LA M\u00c1QUINA HOY A LAS 19:06 HRS.<\/strong><\/a><\/span><\/p>\n<p>La ventaja que tiene la <em>Fiera<\/em> es que uno de esos partidos se juega antes, el Quer\u00e9taro vs Tigres, y los otros tres se juegan al terminar el duelo entre <em>Esmeraldas<\/em> y la <em>M\u00e1quina<\/em>, adem\u00e1s de que se realizar\u00e1n al mismo tiempo. Por su parte, <strong>Cruz Azul<\/strong>, requiere de la victoria para iniciar su lucha porcentual de la siguiente temporada, con mejor ventaja, pues en el caso del descenso de <em>Jaguares<\/em>, iniciar\u00eda entre los peores tres clubes de la tabla de cocientes.<\/p>\n<p><strong>Le\u00f3n vs Cruz Azul<\/strong>, \u00bfcu\u00e1l es tu pron\u00f3stico para este partido, <em>crack<\/em>?<\/p>\n","protected":false},"excerpt":{"rendered":"<p>\u00a1La Fiera cae ante la M\u00e1quina tras perdonar insistentemente!<\/p>\n","protected":false},"author":20,"featured_media":477692,"comment_status":"closed","ping_status":"closed","sticky":false,"template":"","format":"standard","meta":[],"categories":[2198,3845],"tags":[5962,5965],"_links":{"self":[{"href":"http:\/\/desarrollo.grupomedios.com\/futbol\/wp-json\/wp\/v2\/posts\/477557"}],"collection":[{"href":"http:\/\/desarrollo.grupomedios.com\/futbol\/wp-json\/wp\/v2\/posts"}],"about":[{"href":"http:\/\/desarrollo.grupomedios.com\/futbol\/wp-json\/wp\/v2\/types\/post"}],"author":[{"embeddable":true,"href":"http:\/\/desarrollo.grupomedios.com\/futbol\/wp-json\/wp\/v2\/users\/20"}],"replies":[{"embeddable":true,"href":"http:\/\/desarrollo.grupomedios.com\/futbol\/wp-json\/wp\/v2\/comments?post=477557"}],"version-history":[{"count":11,"href":"http:\/\/desarrollo.grupomedios.com\/futbol\/wp-json\/wp\/v2\/posts\/477557\/revisions"}],"predecessor-version":[{"id":477711,"href":"http:\/\/desarrollo.grupomedios.com\/futbol\/wp-json\/wp\/v2\/posts\/477557\/revisions\/477711"}],"wp:featuredmedia":[{"embeddable":true,"href":"http:\/\/desarrollo.grupomedios.com\/futbol\/wp-json\/wp\/v2\/media\/477692"}],"wp:attachment":[{"href":"http:\/\/desarrollo.grupomedios.com\/futbol\/wp-json\/wp\/v2\/media?parent=477557"}],"wp:term":[{"taxonomy":"category","embeddable":true,"href":"http:\/\/desarrollo.grupomedios.com\/futbol\/wp-json\/wp\/v2\/categories?post=477557"},{"taxonomy":"post_tag","embeddable":true,"href":"http:\/\/desarrollo.grupomedios.com\/futbol\/wp-json\/wp\/v2\/tags?post=477557"}],"curies":[{"name":"wp","href":"https:\/\/api.w.org\/{rel}","templated":true}]}}