{"id":477562,"date":"2017-05-05T19:52:37","date_gmt":"2017-05-06T00:52:37","guid":{"rendered":"https:\/\/www.futboltotal.com.mx\/?p=477562"},"modified":"2017-05-05T19:52:37","modified_gmt":"2017-05-06T00:52:37","slug":"mucho-ayuda-estorba-chargoy-a-goncalves","status":"publish","type":"post","link":"http:\/\/desarrollo.grupomedios.com\/futbol\/futbol-mexicano\/mucho-ayuda-estorba-chargoy-a-goncalves\/2017\/05","title":{"rendered":"Mucho ayuda el que no estorba: Chargoy a Goncalves"},"content":{"rendered":"<p>El due\u00f1o de <strong>Chiapas<\/strong>, <strong>Carlos Hugo L\u00f3pez Chargoy<\/strong>, re-abri\u00f3 el caso de la pol\u00e9mica salida de Mateus Goncalves del club, luego de que tanto el futbolista como Sergio Bueno, dieran declaraciones al respecto.<\/p>\n<p><strong>Carlos Hugo L\u00f3pez Chargoy<\/strong> sali\u00f3 en defensa de Sergio Bueno para dar a conocer que Mateus Goncalves hab\u00eda mentido sobre las groser\u00edas con las que le habl\u00f3 el director t\u00e9cnico del equipo, para sacarlo de Jaguares.<\/p>\n<p>\u201cEl jugador no tuvo ning\u00fan profesionalismo; se ausenta tres d\u00edas. Al se\u00f1or, al equipo, no se le debe ni un peso. De repente, como si t\u00fa en tu trabajo lo abandonas tres d\u00edas, qu\u00e9 inter\u00e9s tienes en \u00e9l. Esa es la raz\u00f3n, no hay otra. Yo habl\u00e9 con \u00e9l, al jugador pues no le interes\u00f3; si no le interes\u00f3, pues mucho ayuda el que no estorba\u201d, explic\u00f3 el directivo.<\/p>\n<p style=\"text-align: center;\"><span style=\"color: #3366ff;\"><a style=\"color: #3366ff;\" href=\"https:\/\/www.futboltotal.com.mx\/2017\/05\/que-significa-ser-fan-de-jaguares-de-chiapas\/\" target=\"_blank\"><strong>VER M\u00c1S: Qu\u00e9 significa ser fan de Jaguares de Chiapas<\/strong><\/a><\/span><\/p>\n<p>Lo de las groser\u00edas \u201cfue mentira, el jugador se le solicit\u00f3 para una firma de aut\u00f3grafos y nada m\u00e1s dijo que no iba, que no quer\u00eda ir. Bueno, pues entonces, si no te debes al club, si no te interesa tu trabajo, pues muchas gracias y eso fue todo. Tenemos documentos que demuestran que \u00e9l estaba avisado&#8221;, agreg\u00f3.<\/p>\n<p>S\u00edguenos en Twitter: <a href=\"https:\/\/twitter.com\/MXFutbolTotal\" target=\"_blank\">@MXFutbolTotal<\/a><\/p>\n","protected":false},"excerpt":{"rendered":"<p>El due\u00f1o del Jaguar habla de la pol\u00e9mica salida de Mateus.<\/p>\n","protected":false},"author":20,"featured_media":477563,"comment_status":"closed","ping_status":"closed","sticky":false,"template":"","format":"standard","meta":[],"categories":[2198,3845],"tags":[5964],"_links":{"self":[{"href":"http:\/\/desarrollo.grupomedios.com\/futbol\/wp-json\/wp\/v2\/posts\/477562"}],"collection":[{"href":"http:\/\/desarrollo.grupomedios.com\/futbol\/wp-json\/wp\/v2\/posts"}],"about":[{"href":"http:\/\/desarrollo.grupomedios.com\/futbol\/wp-json\/wp\/v2\/types\/post"}],"author":[{"embeddable":true,"href":"http:\/\/desarrollo.grupomedios.com\/futbol\/wp-json\/wp\/v2\/users\/20"}],"replies":[{"embeddable":true,"href":"http:\/\/desarrollo.grupomedios.com\/futbol\/wp-json\/wp\/v2\/comments?post=477562"}],"version-history":[{"count":1,"href":"http:\/\/desarrollo.grupomedios.com\/futbol\/wp-json\/wp\/v2\/posts\/477562\/revisions"}],"predecessor-version":[{"id":477564,"href":"http:\/\/desarrollo.grupomedios.com\/futbol\/wp-json\/wp\/v2\/posts\/477562\/revisions\/477564"}],"wp:featuredmedia":[{"embeddable":true,"href":"http:\/\/desarrollo.grupomedios.com\/futbol\/wp-json\/wp\/v2\/media\/477563"}],"wp:attachment":[{"href":"http:\/\/desarrollo.grupomedios.com\/futbol\/wp-json\/wp\/v2\/media?parent=477562"}],"wp:term":[{"taxonomy":"category","embeddable":true,"href":"http:\/\/desarrollo.grupomedios.com\/futbol\/wp-json\/wp\/v2\/categories?post=477562"},{"taxonomy":"post_tag","embeddable":true,"href":"http:\/\/desarrollo.grupomedios.com\/futbol\/wp-json\/wp\/v2\/tags?post=477562"}],"curies":[{"name":"wp","href":"https:\/\/api.w.org\/{rel}","templated":true}]}}