{"id":477618,"date":"2017-05-06T10:55:49","date_gmt":"2017-05-06T15:55:49","guid":{"rendered":"https:\/\/www.futboltotal.com.mx\/?p=477618"},"modified":"2017-05-06T10:55:49","modified_gmt":"2017-05-06T15:55:49","slug":"resultados-bundesliga-bayer-leverkusen-chicharito","status":"publish","type":"post","link":"http:\/\/desarrollo.grupomedios.com\/futbol\/futbol-internacional\/resultados-bundesliga-bayer-leverkusen-chicharito\/2017\/05","title":{"rendered":"Chicharito volvi\u00f3 a quedarse en la banca y Bayer se acerca al descenso"},"content":{"rendered":"<p>El mexicano Javier Chicharito Hern\u00e1ndez volvi\u00f3 a ver la actividad de su equipo desde la banca en el empate 1-1 del Bayer Leverkusen ante Ingolstadt y ahora peligran en la parte baja de la tabla.<\/p>\n<p>Por segundo partido consecutivo, Chicharito inici\u00f3 el partido desde la banca y ah\u00ed se volvi\u00f3 a mantener durante los 90 minutos del encuentro, pues el t\u00e9cnico de las Aspirinas , Tayfun Korkut no ha contado con el mexicano.<\/p>\n<blockquote class=\"twitter-tweet\" data-lang=\"es\">\n<p dir=\"ltr\" lang=\"und\">.<a href=\"https:\/\/twitter.com\/KeVolland\">@KeVolland<\/a> <a href=\"https:\/\/twitter.com\/CharlesAranguiz\">@CharlesAranguiz<\/a> <a href=\"https:\/\/twitter.com\/Bernd_Leno\">@Bernd_Leno<\/a> Sustitutos:<\/p>\n<p>2\u20e38\u20e3 <a href=\"https:\/\/twitter.com\/RamazanOezcan\">@RamazanOezcan<\/a><br \/>\n7\u20e3 <a href=\"https:\/\/twitter.com\/CH14_\">@CH14_<\/a><br \/>\n9\u20e3 <a href=\"https:\/\/twitter.com\/leonbailey\">@leonbailey<\/a><br \/>\n1\u20e33\u20e3 <a href=\"https:\/\/twitter.com\/hashtag\/Hilbert?src=hash\">#Hilbert<\/a><br \/>\n1\u20e37\u20e3 <a href=\"https:\/\/twitter.com\/JPohjanpalo\">@JPohjanpalo<\/a><br \/>\n3\u20e38\u20e3 <a href=\"https:\/\/twitter.com\/KimoBellarabi\">@KimoBellarabi<\/a><br \/>\n4\u20e34\u20e3 <a href=\"https:\/\/twitter.com\/KevinKampl_KK\">@KevinKampl_KK<\/a> <a href=\"https:\/\/twitter.com\/hashtag\/FCIB04?src=hash\">#FCIB04<\/a><\/p>\n<p>\u2014 Bayer 04 Leverkusen (@bayer04_es) <a href=\"https:\/\/twitter.com\/bayer04_es\/status\/860835922216136704\">6 de mayo de 2017<\/a><\/p><\/blockquote>\n<p><script async src=\"\/\/platform.twitter.com\/widgets.js\" charset=\"utf-8\"><\/script><\/p>\n<p>Durante el juego, el partido fue parejo para ambos equipos y la primera mitad del partido la terminaron empatando con el marcador en ceros. Fue hasta la segunda mitad cuando el Bayer Leverkusen se volvi\u00f3 m\u00e1s peligroso pero no pudo reflejarlo en el marcador.<\/p>\n<p style=\"text-align: center;\"><span style=\"color: #3366ff;\"><a style=\"color: #3366ff;\" href=\"https:\/\/www.futboltotal.com.mx\/2017\/05\/matias-almeyda-dejaria-chivas-ir-a-espana\/\">VER M\u00c1S: \u00a1Mat\u00edas Almeyda dejar\u00eda Chivas para ir a Espa\u00f1a!<\/a><\/span><\/p>\n<p>El Ingolstadt s\u00ed pudo hacerlo gracias a un golazo de volea de Sonny Kittel que adelant\u00f3 al conjunto local y que tambi\u00e9n pelea por el descenso.<br \/>\n<iframe loading=\"lazy\" src=\"\/\/www.dailymotion.com\/embed\/video\/x5l797o\" frameborder=\"0\" allowfullscreen=\"allowfullscreen\"><\/iframe><br \/>\n<a href=\"http:\/\/www.dailymotion.com\/video\/x5l797o_sonny-kittel-goal-hd-ingolstadt-1-0-bayer-leverkusen-06-05-2017-full-replay_sport\" target=\"_blank\">Sonny Kittel Goal HD &#8211; Ingolstadt 1 &#8211; 0 Bayer&#8230;<\/a> <i>por <a href=\"http:\/\/www.dailymotion.com\/worldfoot\" target=\"_blank\">worldfoot<\/a><\/i><\/p>\n<p>Para su mala suerte, las Aspirinas empataron r\u00e1pido gracias a un gol de cabeza del joven Harvertz. Ahora el Leverkusen se encuentra en la posici\u00f3n n\u00famero 12 con 37 puntos, pero solo est\u00e1 a tres unidades del repechaje para el descenso.<\/p>\n","protected":false},"excerpt":{"rendered":"<p>Las Aspirinas se encuentran a cuatro puntos de la promoci\u00f3n.<\/p>\n","protected":false},"author":20,"featured_media":457262,"comment_status":"closed","ping_status":"closed","sticky":false,"template":"","format":"standard","meta":[],"categories":[3839],"tags":[4335,549],"_links":{"self":[{"href":"http:\/\/desarrollo.grupomedios.com\/futbol\/wp-json\/wp\/v2\/posts\/477618"}],"collection":[{"href":"http:\/\/desarrollo.grupomedios.com\/futbol\/wp-json\/wp\/v2\/posts"}],"about":[{"href":"http:\/\/desarrollo.grupomedios.com\/futbol\/wp-json\/wp\/v2\/types\/post"}],"author":[{"embeddable":true,"href":"http:\/\/desarrollo.grupomedios.com\/futbol\/wp-json\/wp\/v2\/users\/20"}],"replies":[{"embeddable":true,"href":"http:\/\/desarrollo.grupomedios.com\/futbol\/wp-json\/wp\/v2\/comments?post=477618"}],"version-history":[{"count":1,"href":"http:\/\/desarrollo.grupomedios.com\/futbol\/wp-json\/wp\/v2\/posts\/477618\/revisions"}],"predecessor-version":[{"id":477622,"href":"http:\/\/desarrollo.grupomedios.com\/futbol\/wp-json\/wp\/v2\/posts\/477618\/revisions\/477622"}],"wp:featuredmedia":[{"embeddable":true,"href":"http:\/\/desarrollo.grupomedios.com\/futbol\/wp-json\/wp\/v2\/media\/457262"}],"wp:attachment":[{"href":"http:\/\/desarrollo.grupomedios.com\/futbol\/wp-json\/wp\/v2\/media?parent=477618"}],"wp:term":[{"taxonomy":"category","embeddable":true,"href":"http:\/\/desarrollo.grupomedios.com\/futbol\/wp-json\/wp\/v2\/categories?post=477618"},{"taxonomy":"post_tag","embeddable":true,"href":"http:\/\/desarrollo.grupomedios.com\/futbol\/wp-json\/wp\/v2\/tags?post=477618"}],"curies":[{"name":"wp","href":"https:\/\/api.w.org\/{rel}","templated":true}]}}