{"id":477824,"date":"2017-05-07T10:38:08","date_gmt":"2017-05-07T15:38:08","guid":{"rendered":"https:\/\/www.futboltotal.com.mx\/?p=477824"},"modified":"2017-05-07T10:38:08","modified_gmt":"2017-05-07T15:38:08","slug":"raul-jimenez-buscaria-salir-del-benfica-a-la-mls-china","status":"publish","type":"post","link":"http:\/\/desarrollo.grupomedios.com\/futbol\/futbol-mexicano\/raul-jimenez-buscaria-salir-del-benfica-a-la-mls-china\/2017\/05","title":{"rendered":"Ra\u00fal Jim\u00e9nez buscar\u00eda salir del Benfica&#8230; a la MLS o China"},"content":{"rendered":"<p>El presente del delantero mexicano <strong>Ra\u00fal Jim\u00e9nez<\/strong> es bastante oscuro, entre lesiones y nula actividad con el <strong>Benfica<\/strong>, conform\u00e1ndose con tener acci\u00f3n espor\u00e1dicamente con la Selecci\u00f3n Mexicana y ver los partidos de su club desde la banca, por lo que su entorno ya busca acomodo para el atacante en otro equipo.<\/p>\n<p>Desde Portugal se menciona que el reconocido representante luso <strong>Jorge Mendes<\/strong> contempla\u00a0cu\u00e1l ser\u00eda la mejor opci\u00f3n para que el mexicano llegue a un club en el que juegue, las cuales apuntan inicialmente a <strong>China<\/strong> y la<strong> MLS<\/strong>.<\/p>\n<p style=\"text-align: center;\"><span style=\"color: #333399;\"><a style=\"color: #333399;\" href=\"https:\/\/www.futboltotal.com.mx\/2017\/05\/los-memes-la-ultima-jornada-del-clausura-2017\/\" target=\"_blank\">VER M\u00c1S: Los memes de la \u00faltima jornada del Clausura 2017<\/a><\/span><\/p>\n<p>Mesas atr\u00e1s, <strong>Jim\u00e9nez<\/strong> fue buscado por el futbol chino, aunque el jugador rechaz\u00f3 una jugosa oferta, aunque en estos momentos la postura ser\u00eda otra. Asimismo, la <strong>MLS<\/strong> es un mercado atractivo. Ambas opciones dar\u00edan a Ra\u00fal el juego que ahora no tiene, aunque el mayor inconveniente es el valor de su carta: 20 millones que tendr\u00e1 que pegar el equipo que quiera sus servicios.<\/p>\n<p><strong>Jim\u00e9nez<\/strong> ha pasado de ser la segunda a la tercera opci\u00f3n en el ataque de las \u00c1guilas portuguesas, relegado por el brasile\u00f1o <strong>Jonas<\/strong> y el griego <strong>Kostas Mitroglou<\/strong>, teniendo que conformarse con escasos minutos en lo que va del 2017.<\/p>\n<p style=\"text-align: center;\"><span style=\"color: #333399;\"><a style=\"color: #333399;\" href=\"https:\/\/www.futboltotal.com.mx\/2017\/05\/liguilla-al-momento-asi-se-jugarian-los-cuartos-final-2\/\" target=\"_blank\">VER M\u00c1S: Liguilla al momento: As\u00ed se jugar\u00edan los cuartos de final<\/a><\/span><\/p>\n","protected":false},"excerpt":{"rendered":"<p>El futuro de Ra\u00fal Jim\u00e9nez parece no estar en el Benfica y su entorno ya le busca acomodo.<\/p>\n","protected":false},"author":20,"featured_media":437915,"comment_status":"closed","ping_status":"closed","sticky":false,"template":"","format":"standard","meta":[],"categories":[7501,7740,2198,7709,6718,7580],"tags":[6060,7983,4847,195,742],"_links":{"self":[{"href":"http:\/\/desarrollo.grupomedios.com\/futbol\/wp-json\/wp\/v2\/posts\/477824"}],"collection":[{"href":"http:\/\/desarrollo.grupomedios.com\/futbol\/wp-json\/wp\/v2\/posts"}],"about":[{"href":"http:\/\/desarrollo.grupomedios.com\/futbol\/wp-json\/wp\/v2\/types\/post"}],"author":[{"embeddable":true,"href":"http:\/\/desarrollo.grupomedios.com\/futbol\/wp-json\/wp\/v2\/users\/20"}],"replies":[{"embeddable":true,"href":"http:\/\/desarrollo.grupomedios.com\/futbol\/wp-json\/wp\/v2\/comments?post=477824"}],"version-history":[{"count":2,"href":"http:\/\/desarrollo.grupomedios.com\/futbol\/wp-json\/wp\/v2\/posts\/477824\/revisions"}],"predecessor-version":[{"id":477826,"href":"http:\/\/desarrollo.grupomedios.com\/futbol\/wp-json\/wp\/v2\/posts\/477824\/revisions\/477826"}],"wp:featuredmedia":[{"embeddable":true,"href":"http:\/\/desarrollo.grupomedios.com\/futbol\/wp-json\/wp\/v2\/media\/437915"}],"wp:attachment":[{"href":"http:\/\/desarrollo.grupomedios.com\/futbol\/wp-json\/wp\/v2\/media?parent=477824"}],"wp:term":[{"taxonomy":"category","embeddable":true,"href":"http:\/\/desarrollo.grupomedios.com\/futbol\/wp-json\/wp\/v2\/categories?post=477824"},{"taxonomy":"post_tag","embeddable":true,"href":"http:\/\/desarrollo.grupomedios.com\/futbol\/wp-json\/wp\/v2\/tags?post=477824"}],"curies":[{"name":"wp","href":"https:\/\/api.w.org\/{rel}","templated":true}]}}