{"id":477834,"date":"2017-05-07T11:25:57","date_gmt":"2017-05-07T16:25:57","guid":{"rendered":"https:\/\/www.futboltotal.com.mx\/?p=477834"},"modified":"2017-05-07T11:25:57","modified_gmt":"2017-05-07T16:25:57","slug":"feyenoord-pierde-se-jugara-titulo-en-ultima-jornada-ajax","status":"publish","type":"post","link":"http:\/\/desarrollo.grupomedios.com\/futbol\/futbol-internacional\/feyenoord-pierde-se-jugara-titulo-en-ultima-jornada-ajax\/2017\/05","title":{"rendered":"Feyenoord pierde y se jugar\u00e1 el t\u00edtulo en \u00faltima jornada con Ajax"},"content":{"rendered":"<p class=\"DETALLE_N_titulo \"><span id=\"ctl14_lblMostra\">El <strong>Feyenoord<\/strong> perdi\u00f3 la oportunidad de proclamarse campe\u00f3n de la Liga holandesa 18 a\u00f1os despu\u00e9s al caer en el derbi ante el <strong>Excelsior<\/strong> (3-0), con lo que se tendr\u00e1 que jugar el t\u00edtulo en la \u00faltima jornada con el <strong>Ajax<\/strong>, que gole\u00f3 al <strong>Go Ahead Eagles<\/strong> (4-0)<\/span><\/p>\n<p>El equipo de <strong>Giovanni van Bronckhorst<\/strong>, que festejaba la corona con una victoria, no pudo conseguirla al sucumbir inesperadamente ante el vecino Excelsior, que certific\u00f3 su salvaci\u00f3n.<\/p>\n<p style=\"text-align: center;\"><a href=\"https:\/\/www.futboltotal.com.mx\/2017\/05\/los-memes-la-ultima-jornada-del-clausura-2017\/\" target=\"_blank\"><span style=\"color: #333399;\">VER M\u00c1S: Los memes de la \u00faltima jornada del Clausura 2017<\/span><\/a><\/p>\n<p>&nbsp;<\/p>\n<blockquote class=\"twitter-tweet\" data-lang=\"es\">\n<p dir=\"ltr\" lang=\"nl\">Wat een teleurstelling&#8230; &#x1f61e;<a href=\"https:\/\/twitter.com\/hashtag\/excfey?src=hash\">#excfey<\/a> <a href=\"https:\/\/twitter.com\/hashtag\/Feyenoord?src=hash\">#Feyenoord<\/a> <a href=\"https:\/\/t.co\/nEDrqUL8gb\">pic.twitter.com\/nEDrqUL8gb<\/a><\/p>\n<p>\u2014 Feyenoord Rotterdam (@Feyenoord) <a href=\"https:\/\/twitter.com\/Feyenoord\/status\/861223619619418113\">7 de mayo de 2017<\/a><\/p><\/blockquote>\n<p><script async src=\"\/\/platform.twitter.com\/widgets.js\" charset=\"utf-8\"><\/script><\/p>\n<p>Ahora enfoca la \u00faltima jornada con tan solo un punto de ventaja sobre el <strong>Ajax<\/strong>. El <strong>Feyenoord<\/strong> recibir\u00e1 el pr\u00f3ximo domingo al <strong>Heracles<\/strong> y el equipo ajacied visitar\u00e1 al <strong>Willem II<\/strong>.<\/p>\n<p>Nigel Hasselbaink, sobrino de Jimmy Floyd Hasselbaink, Stanley Elbers y Ryan Koolwijk, sellaron la derrota del Feyenoord entre los minutos 56 y 65.<\/p>\n<p style=\"text-align: center;\"><a href=\"https:\/\/www.futboltotal.com.mx\/2017\/05\/paco-jemez-borraria-cruz-azul-hasta-8-futbolistas\/\" target=\"_blank\"><span style=\"color: #333399;\">VER M\u00c1S: Limpia en Cruz Azul: J\u00e9mez borrar\u00eda hasta a 8 jugadores<\/span><\/a><\/p>\n<p>Mientras tanto, el Ajax, a un paso de la final de la Liga Europa, no fall\u00f3 y mete presi\u00f3n al Feyenoord con su goleada al colista. El hijo de Patrik Kluivert, Justin, el dan\u00e9s Kasper Dolberg, Frenkie de Jong y el colombiano Mateo Casierra, sellaron el triunfo.<\/p>\n<p>&nbsp;<\/p>\n<blockquote class=\"twitter-tweet\" data-lang=\"es\">\n<p dir=\"ltr\" lang=\"nl\">Ontknoping Eredivisie: 14 mei&#8230;<a href=\"https:\/\/twitter.com\/hashtag\/ajagae?src=hash\">#ajagae<\/a> <a href=\"https:\/\/twitter.com\/hashtag\/wijzijnajax?src=hash\">#wijzijnajax<\/a> <a href=\"https:\/\/t.co\/3zOj5vYEYT\">pic.twitter.com\/3zOj5vYEYT<\/a><\/p>\n<p>\u2014 AFC Ajax (@AFCAjax) <a href=\"https:\/\/twitter.com\/AFCAjax\/status\/861223648732041216\">7 de mayo de 2017<\/a><\/p><\/blockquote>\n<p><script async src=\"\/\/platform.twitter.com\/widgets.js\" charset=\"utf-8\"><\/script><\/p>\n","protected":false},"excerpt":{"rendered":"<p>Feyenoord y Ajax se jugar\u00e1n todo en la \u00faltima fecha de la Eredivisie.<\/p>\n","protected":false},"author":144,"featured_media":477835,"comment_status":"closed","ping_status":"closed","sticky":false,"template":"","format":"standard","meta":[],"categories":[3839],"tags":[1603,4420,3223,6024],"_links":{"self":[{"href":"http:\/\/desarrollo.grupomedios.com\/futbol\/wp-json\/wp\/v2\/posts\/477834"}],"collection":[{"href":"http:\/\/desarrollo.grupomedios.com\/futbol\/wp-json\/wp\/v2\/posts"}],"about":[{"href":"http:\/\/desarrollo.grupomedios.com\/futbol\/wp-json\/wp\/v2\/types\/post"}],"author":[{"embeddable":true,"href":"http:\/\/desarrollo.grupomedios.com\/futbol\/wp-json\/wp\/v2\/users\/144"}],"replies":[{"embeddable":true,"href":"http:\/\/desarrollo.grupomedios.com\/futbol\/wp-json\/wp\/v2\/comments?post=477834"}],"version-history":[{"count":1,"href":"http:\/\/desarrollo.grupomedios.com\/futbol\/wp-json\/wp\/v2\/posts\/477834\/revisions"}],"predecessor-version":[{"id":477836,"href":"http:\/\/desarrollo.grupomedios.com\/futbol\/wp-json\/wp\/v2\/posts\/477834\/revisions\/477836"}],"wp:featuredmedia":[{"embeddable":true,"href":"http:\/\/desarrollo.grupomedios.com\/futbol\/wp-json\/wp\/v2\/media\/477835"}],"wp:attachment":[{"href":"http:\/\/desarrollo.grupomedios.com\/futbol\/wp-json\/wp\/v2\/media?parent=477834"}],"wp:term":[{"taxonomy":"category","embeddable":true,"href":"http:\/\/desarrollo.grupomedios.com\/futbol\/wp-json\/wp\/v2\/categories?post=477834"},{"taxonomy":"post_tag","embeddable":true,"href":"http:\/\/desarrollo.grupomedios.com\/futbol\/wp-json\/wp\/v2\/tags?post=477834"}],"curies":[{"name":"wp","href":"https:\/\/api.w.org\/{rel}","templated":true}]}}