{"id":477837,"date":"2017-05-07T11:39:01","date_gmt":"2017-05-07T16:39:01","guid":{"rendered":"https:\/\/www.futboltotal.com.mx\/?p=477837"},"modified":"2017-05-07T11:39:01","modified_gmt":"2017-05-07T16:39:01","slug":"pachuca-se-autotrolleo-se-burlo-del-america","status":"publish","type":"post","link":"http:\/\/desarrollo.grupomedios.com\/futbol\/futbol-mexicano\/pachuca-se-autotrolleo-se-burlo-del-america\/2017\/05","title":{"rendered":"Pachuca se &#8216;autotrollea&#8217; y tambi\u00e9n se burla del Am\u00e9rica"},"content":{"rendered":"<p><a href=\"https:\/\/www.futboltotal.com.mx\/2017\/05\/resultado-liga-mx-america-2-3-pachuca\/\" target=\"_blank\"><strong>Pachuca<\/strong> derrot\u00f3 3-2 al <strong>Am\u00e9rica<\/strong><\/a> en la \u00faltima jornada del torneo regular <strong>Clausura 2017<\/strong>, resultado que no bast\u00f3 y los Tuzos se quedaron sin Liguilla, lo cual no les impidi\u00f3 hacer uso de las redes sociales para hacer un trolleo grupal, a s\u00ed mismos y a las \u00c1guilas.<\/p>\n<p>Por medio de Twitter, el <strong>Pachuca<\/strong> us\u00f3 a su personaje del <em>T\u00edo Tuzo<\/em>, quien muestra una TV con la que hace referencia que, aunque no lo ten\u00eda pensado as\u00ed, al quedarse sin <strong>Liguilla<\/strong> ver\u00e1 por televisi\u00f3n la Fiesta Grande y que tiene una pantalla extra para las <em>\u00c1guilas<\/em>.<\/p>\n<p>&nbsp;<\/p>\n<blockquote class=\"twitter-tweet\" data-lang=\"es\">\n<p dir=\"ltr\" lang=\"es\">Y compre dos teles <a href=\"https:\/\/twitter.com\/ClubAmerica\">@ClubAmerica<\/a>, por si se les ofrece.<\/p>\n<p>Gracias por su apoyo incondicional afici\u00f3n; la liguilla por TV&#x1f614;.<a href=\"https:\/\/twitter.com\/hashtag\/FuerteDeclaraci%C3%B3n?src=hash\">#FuerteDeclaraci\u00f3n<\/a> <a href=\"https:\/\/t.co\/Or0h33cv6u\">pic.twitter.com\/Or0h33cv6u<\/a><\/p>\n<p>\u2014 Club Pachuca (@Tuzos) <a href=\"https:\/\/twitter.com\/Tuzos\/status\/861068688572678144\">7 de mayo de 2017<\/a><\/p><\/blockquote>\n<p><script async src=\"\/\/platform.twitter.com\/widgets.js\" charset=\"utf-8\"><\/script><\/p>\n<p>Adem\u00e1s, el <strong>Pachuca<\/strong> no dej\u00f3 pasar <span style=\"color: #333399;\"><a style=\"color: #333399;\" href=\"https:\/\/www.futboltotal.com.mx\/2017\/05\/resultado-liga-mx-atlas-0-1-chiapas\/\" target=\"_blank\">el descenso de <strong>Jaguares<\/strong><\/a><\/span> y les mand\u00f3 un mensaje en tono solidario.<\/p>\n<p>&nbsp;<\/p>\n<blockquote class=\"twitter-tweet\" data-lang=\"es\">\n<p dir=\"ltr\" lang=\"es\">Por su afici\u00f3n&#8230; <a href=\"https:\/\/t.co\/raWrDNevc2\">pic.twitter.com\/raWrDNevc2<\/a><\/p>\n<p>\u2014 Club Pachuca (@Tuzos) <a href=\"https:\/\/twitter.com\/Tuzos\/status\/861087006000021504\">7 de mayo de 2017<\/a><\/p><\/blockquote>\n<p><script async src=\"\/\/platform.twitter.com\/widgets.js\" charset=\"utf-8\"><\/script><\/p>\n","protected":false},"excerpt":{"rendered":"<p>El Pachuca us\u00f3 al T\u00edo Tuzo para burlarse de las \u00c1guilas por quedarse sin Liguilla.<\/p>\n","protected":false},"author":20,"featured_media":477471,"comment_status":"closed","ping_status":"closed","sticky":false,"template":"","format":"standard","meta":[],"categories":[5419,2198,3845],"tags":[1585,5959,7732,64,1046,5968,73],"_links":{"self":[{"href":"http:\/\/desarrollo.grupomedios.com\/futbol\/wp-json\/wp\/v2\/posts\/477837"}],"collection":[{"href":"http:\/\/desarrollo.grupomedios.com\/futbol\/wp-json\/wp\/v2\/posts"}],"about":[{"href":"http:\/\/desarrollo.grupomedios.com\/futbol\/wp-json\/wp\/v2\/types\/post"}],"author":[{"embeddable":true,"href":"http:\/\/desarrollo.grupomedios.com\/futbol\/wp-json\/wp\/v2\/users\/20"}],"replies":[{"embeddable":true,"href":"http:\/\/desarrollo.grupomedios.com\/futbol\/wp-json\/wp\/v2\/comments?post=477837"}],"version-history":[{"count":1,"href":"http:\/\/desarrollo.grupomedios.com\/futbol\/wp-json\/wp\/v2\/posts\/477837\/revisions"}],"predecessor-version":[{"id":477838,"href":"http:\/\/desarrollo.grupomedios.com\/futbol\/wp-json\/wp\/v2\/posts\/477837\/revisions\/477838"}],"wp:featuredmedia":[{"embeddable":true,"href":"http:\/\/desarrollo.grupomedios.com\/futbol\/wp-json\/wp\/v2\/media\/477471"}],"wp:attachment":[{"href":"http:\/\/desarrollo.grupomedios.com\/futbol\/wp-json\/wp\/v2\/media?parent=477837"}],"wp:term":[{"taxonomy":"category","embeddable":true,"href":"http:\/\/desarrollo.grupomedios.com\/futbol\/wp-json\/wp\/v2\/categories?post=477837"},{"taxonomy":"post_tag","embeddable":true,"href":"http:\/\/desarrollo.grupomedios.com\/futbol\/wp-json\/wp\/v2\/tags?post=477837"}],"curies":[{"name":"wp","href":"https:\/\/api.w.org\/{rel}","templated":true}]}}