{"id":477890,"date":"2017-05-07T21:15:19","date_gmt":"2017-05-08T02:15:19","guid":{"rendered":"https:\/\/www.futboltotal.com.mx\/?p=477890"},"modified":"2017-05-07T21:15:19","modified_gmt":"2017-05-08T02:15:19","slug":"estadisticas-liga-mx-tabla-descenso-jornada-17-clausura-2017","status":"publish","type":"post","link":"http:\/\/desarrollo.grupomedios.com\/futbol\/futbol-mexicano\/estadisticas-liga-mx-tabla-descenso-jornada-17-clausura-2017\/2017\/05","title":{"rendered":"Estad\u00edsticas Liga MX \u2013 Tabla Descenso Jornada 17 Clausura 2017"},"content":{"rendered":"<p>Despu\u00e9s de 17 jornadas el torneo <strong>Clausura 2017<\/strong> de la Liga MX lleg\u00f3 a su fin. Gallos, Puebla, Veracruz, Morelia, Jaguares y hasta Cruz Azul fueron los implicados en la lucha por no descender. Finalmente, en la \u00faltima fecha,\u00a0<strong>Chiapas<\/strong> perdi\u00f3 la categor\u00eda y jugar\u00e1 el pr\u00f3ximo semestre en el Ascenso MX.<\/p>\n<p>Para que no pierdas detalle de la posici\u00f3n en que terminaron los 18 equipos, te presentamos la Tabla del Descenso.<\/p>\n<p style=\"text-align: center;\"><a href=\"https:\/\/www.futboltotal.com.mx\/estadisticas\/estadisticas-liga-mx\/\"><span style=\"color: #3366ff;\">VER M\u00c1S: Estad\u00edsticas de la Liga MX<\/span><\/a><\/p>\n<p style=\"text-align: center;\"><a href=\"https:\/\/www.futboltotal.com.mx\/wp-content\/uploads\/2017\/05\/Captura-de-pantalla-2017-05-07-a-las-21.13.10.png\"><img decoding=\"async\" loading=\"lazy\" class=\"alignnone size-full wp-image-477941\" src=\"https:\/\/www.futboltotal.com.mx\/wp-content\/uploads\/2017\/05\/Captura-de-pantalla-2017-05-07-a-las-21.13.10.png\" alt=\"Estad\u00edsticas Liga MX \u2013 Tabla Descenso Jornada 17 Clausura 2017 0\" srcset=\"http:\/\/desarrollo.grupomedios.com\/futbol\/wp-content\/uploads\/2017\/05\/Captura-de-pantalla-2017-05-07-a-las-21.13.10.png 747w, http:\/\/desarrollo.grupomedios.com\/futbol\/wp-content\/uploads\/2017\/05\/Captura-de-pantalla-2017-05-07-a-las-21.13.10-300x197.png 300w\" sizes=\"(max-width: 747px) 100vw, 747px\" \/><\/a> <a href=\"https:\/\/www.futboltotal.com.mx\/wp-content\/uploads\/2017\/05\/Captura-de-pantalla-2017-05-07-a-las-21.13.24.png\"><img decoding=\"async\" loading=\"lazy\" class=\"alignnone size-full wp-image-477942\" src=\"https:\/\/www.futboltotal.com.mx\/wp-content\/uploads\/2017\/05\/Captura-de-pantalla-2017-05-07-a-las-21.13.24.png\" alt=\"Estad\u00edsticas Liga MX \u2013 Tabla Descenso Jornada 17 Clausura 2017 1\" srcset=\"http:\/\/desarrollo.grupomedios.com\/futbol\/wp-content\/uploads\/2017\/05\/Captura-de-pantalla-2017-05-07-a-las-21.13.24.png 747w, http:\/\/desarrollo.grupomedios.com\/futbol\/wp-content\/uploads\/2017\/05\/Captura-de-pantalla-2017-05-07-a-las-21.13.24-300x138.png 300w\" sizes=\"(max-width: 747px) 100vw, 747px\" \/><\/a><\/p>\n","protected":false},"excerpt":{"rendered":"<p>El pr\u00f3ximo torneo Apertura 2017, Cruz Azul iniciar\u00e1 con problemas en la porcentual.<\/p>\n","protected":false},"author":20,"featured_media":477891,"comment_status":"closed","ping_status":"closed","sticky":false,"template":"","format":"standard","meta":[],"categories":[2198,3845],"tags":[2887,64],"_links":{"self":[{"href":"http:\/\/desarrollo.grupomedios.com\/futbol\/wp-json\/wp\/v2\/posts\/477890"}],"collection":[{"href":"http:\/\/desarrollo.grupomedios.com\/futbol\/wp-json\/wp\/v2\/posts"}],"about":[{"href":"http:\/\/desarrollo.grupomedios.com\/futbol\/wp-json\/wp\/v2\/types\/post"}],"author":[{"embeddable":true,"href":"http:\/\/desarrollo.grupomedios.com\/futbol\/wp-json\/wp\/v2\/users\/20"}],"replies":[{"embeddable":true,"href":"http:\/\/desarrollo.grupomedios.com\/futbol\/wp-json\/wp\/v2\/comments?post=477890"}],"version-history":[{"count":3,"href":"http:\/\/desarrollo.grupomedios.com\/futbol\/wp-json\/wp\/v2\/posts\/477890\/revisions"}],"predecessor-version":[{"id":477943,"href":"http:\/\/desarrollo.grupomedios.com\/futbol\/wp-json\/wp\/v2\/posts\/477890\/revisions\/477943"}],"wp:featuredmedia":[{"embeddable":true,"href":"http:\/\/desarrollo.grupomedios.com\/futbol\/wp-json\/wp\/v2\/media\/477891"}],"wp:attachment":[{"href":"http:\/\/desarrollo.grupomedios.com\/futbol\/wp-json\/wp\/v2\/media?parent=477890"}],"wp:term":[{"taxonomy":"category","embeddable":true,"href":"http:\/\/desarrollo.grupomedios.com\/futbol\/wp-json\/wp\/v2\/categories?post=477890"},{"taxonomy":"post_tag","embeddable":true,"href":"http:\/\/desarrollo.grupomedios.com\/futbol\/wp-json\/wp\/v2\/tags?post=477890"}],"curies":[{"name":"wp","href":"https:\/\/api.w.org\/{rel}","templated":true}]}}