{"id":477959,"date":"2017-05-08T09:44:19","date_gmt":"2017-05-08T14:44:19","guid":{"rendered":"https:\/\/www.futboltotal.com.mx\/?p=477959"},"modified":"2017-05-08T09:44:19","modified_gmt":"2017-05-08T14:44:19","slug":"resumen-ultima-jornada-del-clausura-2017","status":"publish","type":"post","link":"http:\/\/desarrollo.grupomedios.com\/futbol\/destacado-home\/resumen-ultima-jornada-del-clausura-2017\/2017\/05","title":{"rendered":"\u00bfQu\u00e9 nos dej\u00f3 la \u00faltima jornada del Clausura 2017?"},"content":{"rendered":"<p>\u00a1Bendita <strong>Liga MX<\/strong>! La \u00faltima jornada del <strong>Clausura 2017<\/strong> fue electrizante. Y es que se definieron los dos \u00faltimos invitados a Liguilla, los partidos de Cuartos de Final en los que habr\u00e1 Cl\u00e1sico Regio y Cl\u00e1sico Tapat\u00edo, adem\u00e1s hubo un \u00a0bicampe\u00f3n de goleo hist\u00f3rico y se consum\u00f3 el descenso de la manera m\u00e1s inveros\u00edmil.<\/p>\n<p>Estos son algunos de los mejores momentos que ocurrieron en la <strong>Jornada 17<\/strong> y los repasamos en Futbol Total<\/p>\n<p style=\"text-align: center;\"><a href=\"https:\/\/www.futboltotal.com.mx\/2017\/05\/definida-la-liguilla-del-clausura-2017-doble-clasico\/\"><span style=\"color: #3366ff;\">VER M\u00c1S: Habr\u00e1 doble Cl\u00e1sico en la Liguilla<\/span><\/a><\/p>\n<p><script type=\"text\/javascript\" src=\"\/\/cdn.playbuzz.com\/widget\/feed.js\"><\/script><\/p>\n<div class=\"pb_feed\" data-embed-by=\"d43f3879-83ed-40bc-99d7-fde80605466f\" data-item=\"d1fc7117-ece4-4264-a7a1-11b8dff7ece0\" data-recommend=\"false\" data-game-info=\"false\" data-version=\"2\"><\/div>\n","protected":false},"excerpt":{"rendered":"<p>Una liguilla de cl\u00e1sicos, un incre\u00edble descenso, un campe\u00f3n de goleo hist\u00f3rico y otros vibrantes momentos ocurrieron en la J17.<\/p>\n","protected":false},"author":20,"featured_media":477953,"comment_status":"closed","ping_status":"closed","sticky":false,"template":"","format":"standard","meta":[],"categories":[5,2198,3845],"tags":[7732,1046],"_links":{"self":[{"href":"http:\/\/desarrollo.grupomedios.com\/futbol\/wp-json\/wp\/v2\/posts\/477959"}],"collection":[{"href":"http:\/\/desarrollo.grupomedios.com\/futbol\/wp-json\/wp\/v2\/posts"}],"about":[{"href":"http:\/\/desarrollo.grupomedios.com\/futbol\/wp-json\/wp\/v2\/types\/post"}],"author":[{"embeddable":true,"href":"http:\/\/desarrollo.grupomedios.com\/futbol\/wp-json\/wp\/v2\/users\/20"}],"replies":[{"embeddable":true,"href":"http:\/\/desarrollo.grupomedios.com\/futbol\/wp-json\/wp\/v2\/comments?post=477959"}],"version-history":[{"count":1,"href":"http:\/\/desarrollo.grupomedios.com\/futbol\/wp-json\/wp\/v2\/posts\/477959\/revisions"}],"predecessor-version":[{"id":477961,"href":"http:\/\/desarrollo.grupomedios.com\/futbol\/wp-json\/wp\/v2\/posts\/477959\/revisions\/477961"}],"wp:featuredmedia":[{"embeddable":true,"href":"http:\/\/desarrollo.grupomedios.com\/futbol\/wp-json\/wp\/v2\/media\/477953"}],"wp:attachment":[{"href":"http:\/\/desarrollo.grupomedios.com\/futbol\/wp-json\/wp\/v2\/media?parent=477959"}],"wp:term":[{"taxonomy":"category","embeddable":true,"href":"http:\/\/desarrollo.grupomedios.com\/futbol\/wp-json\/wp\/v2\/categories?post=477959"},{"taxonomy":"post_tag","embeddable":true,"href":"http:\/\/desarrollo.grupomedios.com\/futbol\/wp-json\/wp\/v2\/tags?post=477959"}],"curies":[{"name":"wp","href":"https:\/\/api.w.org\/{rel}","templated":true}]}}