{"id":477965,"date":"2017-05-08T10:33:28","date_gmt":"2017-05-08T15:33:28","guid":{"rendered":"https:\/\/www.futboltotal.com.mx\/?p=477965"},"modified":"2017-05-08T10:33:28","modified_gmt":"2017-05-08T15:33:28","slug":"tri-sub-17-remonto-ante-ee-uu-tricampeon-concacaf","status":"publish","type":"post","link":"http:\/\/desarrollo.grupomedios.com\/futbol\/futbol-mexicano\/tri-sub-17-remonto-ante-ee-uu-tricampeon-concacaf\/2017\/05","title":{"rendered":"El Tri Sub 17 remont\u00f3 ante EE.UU. y es tricampe\u00f3n de Concacaf"},"content":{"rendered":"<p>La <strong>Selecci\u00f3n Mexicana Sub 17<\/strong> logr\u00f3 una \u00e9pica remontada ante <strong>Estados Unidos<\/strong> en la final del <strong>Premundial de la categor\u00eda de Concacaf<\/strong> para lograr el t\u00edtulo del evento tras empatar <strong>1-1<\/strong> en tiempo regular e imponerse en penales por <strong>5-4<\/strong>, logrando as\u00ed por primera vez en la historia el tricampeonato de este evento.<\/p>\n<p>El combinado estadounidense, que ya hab\u00eda derrotado al <em>Tri<\/em> en fase de grupos, se puso adelante en el marcador con el gol de <strong>Andrew Carleton<\/strong>, que parec\u00eda bastar para darle el t\u00edtulo al <em>Team USA<\/em> Sub 17.<\/p>\n<p style=\"text-align: center;\"><span style=\"color: #333399;\"><a style=\"color: #333399;\" href=\"https:\/\/www.futboltotal.com.mx\/2017\/05\/definida-la-liguilla-del-clausura-2017-doble-clasico\/\" target=\"_blank\">VER M\u00c1S: Definida la Liguilla del Clausura 2017&#8230; \u00a1Hay doble Cl\u00e1sico!<\/a><\/span><\/p>\n<p>Sin embargo, cuando ya casi se\u00a0hab\u00eda cumplido el tiempo regular y se jugaba el segundo de los 4 minutos de reposici\u00f3n, apareci\u00f3 <strong>Carlos Robles<\/strong> par vestirse de h\u00e9roe y con un cabezazo logr\u00f3 el empate que mand\u00f3 el juego a la tanda de penales.<\/p>\n<p>&nbsp;<\/p>\n<blockquote class=\"twitter-video\" data-lang=\"es\">\n<p dir=\"ltr\" lang=\"es\"><a href=\"https:\/\/twitter.com\/hashtag\/Sub17?src=hash\">#Sub17<\/a> \u00a1NO TODOS LOS H\u00c9ROES USAN CAPA! &#x1f60e;\u26bd<\/p>\n<p>\u00a1<a href=\"https:\/\/twitter.com\/Carlos_robles11\">@Carlos_robles11<\/a> lo empat\u00f3 al 91&#8242; y nos puso en los penales!<\/p>\n<p>CRACK &#x1f44a;&#x1f3fc;&#x1f1f2;&#x1f1fd; <a href=\"https:\/\/t.co\/fB1XkKRo9m\">pic.twitter.com\/fB1XkKRo9m<\/a><\/p>\n<p>\u2014 Selecci\u00f3n Nacional (@miseleccionmx) <a href=\"https:\/\/twitter.com\/miseleccionmx\/status\/861358771527962626\">7 de mayo de 2017<\/a><\/p><\/blockquote>\n<p><script async src=\"\/\/platform.twitter.com\/widgets.js\" charset=\"utf-8\"><\/script><\/p>\n<p>Ya en la ronda de disparos desde el punto penal, los primeros 3 cobradores por cada equipo marcaron gol, pero el cuarto jugador de Estados Unidos, Watts, fall\u00f3 y abri\u00f3 la puerta para que el Tri culminara la remontada. <strong>Alexis Gutierrez<\/strong> puso el 4-3 y <strong>Roberto de la Rosa<\/strong> firm\u00f3 el 5-4 definitivo para darle el t\u00edtulo a los mexicanos.<\/p>\n<p style=\"text-align: center;\"><span style=\"color: #333399;\"><a style=\"color: #333399;\" href=\"https:\/\/www.futboltotal.com.mx\/2017\/05\/a-reir-los-mejores-memes-la-jornada-17-la-liguilla\/\" target=\"_blank\">VER M\u00c1S: A re\u00edr con los mejores memes de la Jornada 17 y la Liguilla<\/a><\/span><\/p>\n<blockquote class=\"twitter-video\" data-lang=\"es\">\n<p dir=\"ltr\" lang=\"en\">United States vs Mexico penalty shootout | <a href=\"https:\/\/twitter.com\/ussoccer\">@ussoccer<\/a> <a href=\"https:\/\/twitter.com\/miseleccionmx\">@miseleccionmx<\/a> <a href=\"https:\/\/twitter.com\/hashtag\/CU17PAN?src=hash\">#CU17PAN<\/a> <a href=\"https:\/\/t.co\/jK6KDC8Slz\">pic.twitter.com\/jK6KDC8Slz<\/a><\/p>\n<p>\u2014 CONCACAF (@CONCACAF) <a href=\"https:\/\/twitter.com\/CONCACAF\/status\/861345658678136833\">7 de mayo de 2017<\/a><\/p><\/blockquote>\n<p><script async src=\"\/\/platform.twitter.com\/widgets.js\" charset=\"utf-8\"><\/script><\/p>\n<p>Con este resultado, el Tri Sub 17 reafirm\u00f3 su participaci\u00f3n en el Mundial a disputarse en la India el pr\u00f3ximo octubre, adem\u00e1s de hacer so\u00f1ar a la afici\u00f3n azteca con un tercer t\u00edtulo mundial de la categor\u00eda.<\/p>\n<p>&nbsp;<\/p>\n<blockquote class=\"twitter-video\" data-lang=\"es\">\n<p dir=\"ltr\" lang=\"en\">Congratulations to <a href=\"https:\/\/twitter.com\/miseleccionmx\">@miseleccionmx<\/a> <a href=\"https:\/\/twitter.com\/hashtag\/cu17pan?src=hash\">#cu17pan<\/a> Champions! <a href=\"https:\/\/t.co\/jGPicXVqaC\">pic.twitter.com\/jGPicXVqaC<\/a><\/p>\n<p>\u2014 CONCACAF (@CONCACAF) <a href=\"https:\/\/twitter.com\/CONCACAF\/status\/861347943395098624\">7 de mayo de 2017<\/a><\/p><\/blockquote>\n<p><script async src=\"\/\/platform.twitter.com\/widgets.js\" charset=\"utf-8\"><\/script><\/p>\n","protected":false},"excerpt":{"rendered":"<p>El Tri Sub 17 venci\u00f3 en penales a Estados Unidos para ser tricampe\u00f3n del Premundial de Concacaf.<\/p>\n","protected":false},"author":20,"featured_media":477966,"comment_status":"closed","ping_status":"closed","sticky":false,"template":"","format":"standard","meta":[],"categories":[3839,2198,3847],"tags":[282,310,8564,6315,8563],"_links":{"self":[{"href":"http:\/\/desarrollo.grupomedios.com\/futbol\/wp-json\/wp\/v2\/posts\/477965"}],"collection":[{"href":"http:\/\/desarrollo.grupomedios.com\/futbol\/wp-json\/wp\/v2\/posts"}],"about":[{"href":"http:\/\/desarrollo.grupomedios.com\/futbol\/wp-json\/wp\/v2\/types\/post"}],"author":[{"embeddable":true,"href":"http:\/\/desarrollo.grupomedios.com\/futbol\/wp-json\/wp\/v2\/users\/20"}],"replies":[{"embeddable":true,"href":"http:\/\/desarrollo.grupomedios.com\/futbol\/wp-json\/wp\/v2\/comments?post=477965"}],"version-history":[{"count":1,"href":"http:\/\/desarrollo.grupomedios.com\/futbol\/wp-json\/wp\/v2\/posts\/477965\/revisions"}],"predecessor-version":[{"id":477967,"href":"http:\/\/desarrollo.grupomedios.com\/futbol\/wp-json\/wp\/v2\/posts\/477965\/revisions\/477967"}],"wp:featuredmedia":[{"embeddable":true,"href":"http:\/\/desarrollo.grupomedios.com\/futbol\/wp-json\/wp\/v2\/media\/477966"}],"wp:attachment":[{"href":"http:\/\/desarrollo.grupomedios.com\/futbol\/wp-json\/wp\/v2\/media?parent=477965"}],"wp:term":[{"taxonomy":"category","embeddable":true,"href":"http:\/\/desarrollo.grupomedios.com\/futbol\/wp-json\/wp\/v2\/categories?post=477965"},{"taxonomy":"post_tag","embeddable":true,"href":"http:\/\/desarrollo.grupomedios.com\/futbol\/wp-json\/wp\/v2\/tags?post=477965"}],"curies":[{"name":"wp","href":"https:\/\/api.w.org\/{rel}","templated":true}]}}