{"id":477988,"date":"2017-05-08T14:04:05","date_gmt":"2017-05-08T19:04:05","guid":{"rendered":"https:\/\/www.futboltotal.com.mx\/?p=477988"},"modified":"2017-05-08T14:04:05","modified_gmt":"2017-05-08T19:04:05","slug":"pikolin-palacios-emotiva-despedida-en-cu-se-va-pumas","status":"publish","type":"post","link":"http:\/\/desarrollo.grupomedios.com\/futbol\/futbol-mexicano\/pikolin-palacios-emotiva-despedida-en-cu-se-va-pumas\/2017\/05","title":{"rendered":"Pikol\u00edn Palacios tuvo emotiva despedida en CU, \u00bfse va de Pumas?"},"content":{"rendered":"<p>Pese a que no vio acci\u00f3n, el partido en el que los <span style=\"color: #333399;\"><a style=\"color: #333399;\" href=\"https:\/\/www.futboltotal.com.mx\/2017\/05\/resultado-liga-mx-pumas-0-1-puebla-clausura-2017\/\" target=\"_blank\"><strong>Pumas<\/strong> cayeron por 1-0 ante el <strong>Puebla<\/strong><\/a><\/span> en la \u00faltima jornada del <strong>Clausura 2017<\/strong> pudo haber sido el \u00faltimo de <strong>Alejandro <em>Pikol\u00edn<\/em> Palacios<\/strong> con los colores auriazules.<\/p>\n<p>El contrato del portero con el cuadro de la UNAM concluye justo al t\u00e9rmino de este certamen y hasta ahora no ha habido noticias de una posible renovaci\u00f3n, por lo que <em>Pikol\u00edn<\/em> vivi\u00f3 una emotiva despedida de parte de la afici\u00f3n de los felinos, que se le entreg\u00f3 al t\u00e9rmino del partido.<\/p>\n<p style=\"text-align: center;\"><span style=\"color: #333399;\"><a style=\"color: #333399;\" href=\"https:\/\/www.futboltotal.com.mx\/2017\/05\/listos-los-horarios-cuartos-final-la-liguilla-mx\/\" target=\"_blank\">VER M\u00c1S: Listos los horarios de los cuartos de final de la Liguilla MX<\/a><\/span><\/p>\n<p>Con una playera con la frase &#8220;<strong>#PumadesdelaCUna<\/strong>\u201d, un coraz\u00f3n con un puma en la parte central m\u00e1s\u00a0la palabra \u201csiempre\u201d, <strong>Alejandro Palacios<\/strong> pareci\u00f3 decir adi\u00f3s a los seguidores de <strong>Pumas<\/strong>, quienes se le entregaron con gritos de apoyo y un emotivo <em>Goya<\/em>.<\/p>\n<p>&nbsp;<\/p>\n<blockquote class=\"twitter-video\" data-lang=\"es\">\n<p dir=\"ltr\" lang=\"es\">\u00bfSer\u00e1 el adi\u00f3s de Pikolin Palacios? As\u00ed se despidi\u00f3 tras la derrota en Ciudad Universitaria. <a href=\"https:\/\/t.co\/emFuwmMmyQ\">pic.twitter.com\/emFuwmMmyQ<\/a><\/p>\n<p>\u2014 Bolavip M\u00e9xico (@BolavipMex) <a href=\"https:\/\/twitter.com\/BolavipMex\/status\/861336625841709056\">7 de mayo de 2017<\/a><\/p><\/blockquote>\n<p><script async src=\"\/\/platform.twitter.com\/widgets.js\" charset=\"utf-8\"><\/script><\/p>\n<p>La falta de minutos para <em>Pikol\u00edn<\/em> en el torneo que concluy\u00f3 con la eliminaci\u00f3n de <strong>Pumas<\/strong> en fase regular sent\u00f3 un precedente. <strong>Juan Francisco Palencia<\/strong> no ha mostrado confianza en el arquero, prefiriendo a <strong>Alfredo Sald\u00edvar<\/strong>, adem\u00e1s de que la directiva que lidera <strong>Rodrigo Ares de Parga<\/strong> ya lo hab\u00eda puesto en la lista de transferibles del club hace un a\u00f1o.<\/p>\n<p style=\"text-align: center;\"><span style=\"color: #333399;\"><a style=\"color: #333399;\" href=\"https:\/\/www.futboltotal.com.mx\/2017\/05\/11-ideal-la-jornada-17-del-clausura-2017\/\" target=\"_blank\">VER M\u00c1S: El 11 ideal de la jornada 17 del Clausura 2017<\/a><\/span><\/p>\n","protected":false},"excerpt":{"rendered":"<p>Alejandro Palacios estar\u00eda diciendo adi\u00f3s a los Pumas, club con el que debut\u00f3 en 2003.<\/p>\n","protected":false},"author":20,"featured_media":477989,"comment_status":"closed","ping_status":"closed","sticky":false,"template":"","format":"standard","meta":[],"categories":[7740,2198,3845],"tags":[2353,7732,64,2835,4316,74,5976],"_links":{"self":[{"href":"http:\/\/desarrollo.grupomedios.com\/futbol\/wp-json\/wp\/v2\/posts\/477988"}],"collection":[{"href":"http:\/\/desarrollo.grupomedios.com\/futbol\/wp-json\/wp\/v2\/posts"}],"about":[{"href":"http:\/\/desarrollo.grupomedios.com\/futbol\/wp-json\/wp\/v2\/types\/post"}],"author":[{"embeddable":true,"href":"http:\/\/desarrollo.grupomedios.com\/futbol\/wp-json\/wp\/v2\/users\/20"}],"replies":[{"embeddable":true,"href":"http:\/\/desarrollo.grupomedios.com\/futbol\/wp-json\/wp\/v2\/comments?post=477988"}],"version-history":[{"count":1,"href":"http:\/\/desarrollo.grupomedios.com\/futbol\/wp-json\/wp\/v2\/posts\/477988\/revisions"}],"predecessor-version":[{"id":477990,"href":"http:\/\/desarrollo.grupomedios.com\/futbol\/wp-json\/wp\/v2\/posts\/477988\/revisions\/477990"}],"wp:featuredmedia":[{"embeddable":true,"href":"http:\/\/desarrollo.grupomedios.com\/futbol\/wp-json\/wp\/v2\/media\/477989"}],"wp:attachment":[{"href":"http:\/\/desarrollo.grupomedios.com\/futbol\/wp-json\/wp\/v2\/media?parent=477988"}],"wp:term":[{"taxonomy":"category","embeddable":true,"href":"http:\/\/desarrollo.grupomedios.com\/futbol\/wp-json\/wp\/v2\/categories?post=477988"},{"taxonomy":"post_tag","embeddable":true,"href":"http:\/\/desarrollo.grupomedios.com\/futbol\/wp-json\/wp\/v2\/tags?post=477988"}],"curies":[{"name":"wp","href":"https:\/\/api.w.org\/{rel}","templated":true}]}}