{"id":477991,"date":"2017-05-08T14:24:46","date_gmt":"2017-05-08T19:24:46","guid":{"rendered":"https:\/\/www.futboltotal.com.mx\/?p=477991"},"modified":"2017-05-08T14:25:37","modified_gmt":"2017-05-08T19:25:37","slug":"america-se-quedaria-sin-oribe-peralta-ficharia-pachuca","status":"publish","type":"post","link":"http:\/\/desarrollo.grupomedios.com\/futbol\/destacado-home\/america-se-quedaria-sin-oribe-peralta-ficharia-pachuca\/2017\/05","title":{"rendered":"Am\u00e9rica se quedar\u00eda sin Oribe Peralta, quien fichar\u00eda por Pachuca"},"content":{"rendered":"<p>Los rumores en torno a la plantilla con la que contar\u00e1, o no contar\u00e1, el <strong>Am\u00e9rica<\/strong> para encarar el pr\u00f3ximo torneo <strong>Apertura 2017<\/strong> est\u00e1n a la orden del d\u00eda. Las \u00faltimas versiones apuntan a que despu\u00e9s del fracaso azulcrema en el <strong>Clausura 2017<\/strong>, qued\u00e1ndose fuera de la Liguilla en la \u00faltima fecha, el delantero <strong>Oribe Peralta<\/strong> dejar\u00eda a las <em>\u00c1guilas<\/em> para jugar con el <strong>Pachuca<\/strong>.<\/p>\n<p>De acuerdo a reportes de Fox Sports, el <em>Cepillo<\/em> ser\u00eda nuevo jugador de los <em>Tuzos<\/em> a partir del pr\u00f3ximo torneo, con la idea de apuntalar a un equipo que ya piensa en c\u00f3mo tener una destacada actuaci\u00f3n en el <strong>Mundial de Clubes<\/strong> que se disputar\u00e1 en diciembre de este a\u00f1o en <strong>Emiratos \u00c1rabes<\/strong>.<\/p>\n<p style=\"text-align: center;\"><span style=\"color: #333399;\"><a style=\"color: #333399;\" href=\"https:\/\/www.futboltotal.com.mx\/2017\/05\/listos-los-horarios-cuartos-final-la-liguilla-mx\/\" target=\"_blank\">VER M\u00c1S: Listos los horarios de cuartos de final de la Liguilla MX<\/a><\/span><\/p>\n<p>El a\u00fan capit\u00e1n del <strong>Am\u00e9rica<\/strong> fue de lo m\u00e1s rescatable del equipo en el torneo que concluy\u00f3 para este club, marcando 8 goles y qued\u00e1ndose a uno de los 9 conseguidos por el peruano <strong>Ra\u00fal Ruid\u00edaz<\/strong>, a la postre bicampe\u00f3n de goleo.<\/p>\n<p>Sin embargo, Peralta acab\u00f3 el Clausura 2017 como el mejor romperredes mexicano en fase regular, lo que le mantiene como un futbolista de peso, deseado por varios equipos, por lo que los Tuzos habr\u00edan levantado la mano para tenerlo en su plantel y as\u00ed realizar uno de los fichajes bomba en el pr\u00f3ximo <strong>Draft de Transferencias<\/strong> de la Liga MX.<\/p>\n<p style=\"text-align: center;\"><span style=\"color: #333399;\"><a style=\"color: #333399;\" href=\"https:\/\/www.futboltotal.com.mx\/2017\/05\/11-ideal-la-jornada-17-del-clausura-2017\/\" target=\"_blank\">VER M\u00c1S: El 11 ideal de la jornada 17 del Clausura 2017<\/a><\/span><\/p>\n<p><iframe loading=\"lazy\" src=\"https:\/\/www.youtube.com\/embed\/Eg8_K7WwdvQ\" frameborder=\"0\" allowfullscreen=\"allowfullscreen\"><\/iframe><\/p>\n","protected":false},"excerpt":{"rendered":"<p>El Cepillo ser\u00eda nuevo jugador de Pachuca, que busca reforzarse para jugar el Mundial de Clubes.<\/p>\n","protected":false},"author":20,"featured_media":456884,"comment_status":"closed","ping_status":"closed","sticky":false,"template":"","format":"standard","meta":[],"categories":[5,7740,2198,3845],"tags":[5959,7895,4847,64,415,62,5968],"_links":{"self":[{"href":"http:\/\/desarrollo.grupomedios.com\/futbol\/wp-json\/wp\/v2\/posts\/477991"}],"collection":[{"href":"http:\/\/desarrollo.grupomedios.com\/futbol\/wp-json\/wp\/v2\/posts"}],"about":[{"href":"http:\/\/desarrollo.grupomedios.com\/futbol\/wp-json\/wp\/v2\/types\/post"}],"author":[{"embeddable":true,"href":"http:\/\/desarrollo.grupomedios.com\/futbol\/wp-json\/wp\/v2\/users\/20"}],"replies":[{"embeddable":true,"href":"http:\/\/desarrollo.grupomedios.com\/futbol\/wp-json\/wp\/v2\/comments?post=477991"}],"version-history":[{"count":2,"href":"http:\/\/desarrollo.grupomedios.com\/futbol\/wp-json\/wp\/v2\/posts\/477991\/revisions"}],"predecessor-version":[{"id":477994,"href":"http:\/\/desarrollo.grupomedios.com\/futbol\/wp-json\/wp\/v2\/posts\/477991\/revisions\/477994"}],"wp:featuredmedia":[{"embeddable":true,"href":"http:\/\/desarrollo.grupomedios.com\/futbol\/wp-json\/wp\/v2\/media\/456884"}],"wp:attachment":[{"href":"http:\/\/desarrollo.grupomedios.com\/futbol\/wp-json\/wp\/v2\/media?parent=477991"}],"wp:term":[{"taxonomy":"category","embeddable":true,"href":"http:\/\/desarrollo.grupomedios.com\/futbol\/wp-json\/wp\/v2\/categories?post=477991"},{"taxonomy":"post_tag","embeddable":true,"href":"http:\/\/desarrollo.grupomedios.com\/futbol\/wp-json\/wp\/v2\/tags?post=477991"}],"curies":[{"name":"wp","href":"https:\/\/api.w.org\/{rel}","templated":true}]}}