{"id":477995,"date":"2017-05-08T14:23:26","date_gmt":"2017-05-08T19:23:26","guid":{"rendered":"https:\/\/www.futboltotal.com.mx\/?p=477995"},"modified":"2017-05-08T14:43:25","modified_gmt":"2017-05-08T19:43:25","slug":"en-atlas-aseguran-no-son-super-chivas-solo-un-equipo-mas","status":"publish","type":"post","link":"http:\/\/desarrollo.grupomedios.com\/futbol\/destacado-home\/en-atlas-aseguran-no-son-super-chivas-solo-un-equipo-mas\/2017\/05","title":{"rendered":"En Atlas aseguran: &#8220;No son S\u00faper Chivas, solo un equipo m\u00e1s&#8221;"},"content":{"rendered":"<p>El <strong>Cl\u00e1sico tapat\u00edo<\/strong> que se disputar\u00e1 en los cuartos de final de la <strong>Liguilla<\/strong> del <strong>Clausura 2017<\/strong> no ha tardado en calentarse. El colombiano <strong>Leiton Jim\u00e9nez<\/strong>, central del <strong>Atlas<\/strong>, ha salido a descartar una amplia superioridad por parte de <strong>Chivas<\/strong> en comparaci\u00f3n con los <em>Zorros<\/em>.<\/p>\n<p>&#8220;Para m\u00ed, Chivas es un equipo m\u00e1s, no sorprende nada, no son <strong>S\u00faper Chivas<\/strong><b>, <\/b>es un equipo m\u00e1s. Nosotros estamos contentos de que sea Chivas<b>,<\/b> si queremos ser campeones debemos superar al que sea&#8221;, dijo el sudamericano en conferencia de prensa.<\/p>\n<p style=\"text-align: center;\"><span style=\"color: #333399;\"><a style=\"color: #333399;\" href=\"https:\/\/www.futboltotal.com.mx\/2017\/05\/america-se-quedaria-sin-oribe-peralta-ficharia-pachuca\/\" target=\"_blank\">VER M\u00c1S: Am\u00e9rica se quedar\u00eda sin Oribe Peralta, quien fichar\u00eda por Pachuca<\/a><\/span><\/p>\n<p>Pese a que los periodistas recordaron al cafetero que en el torneo regular el <em>Reba\u00f1o<\/em> se impuso por 2-1 a los <em>Rojinegros<\/em>, Jim\u00e9nez revir\u00f3 mencionando que luego de ese equipo el Atlas ha mejorado en todas sus l\u00edneas y cerr\u00f3 el torneo a un nivel que les hace so\u00f1ar con cosas grandes durante esta Liguilla.<\/p>\n<p>&#8220;No fue la mejor impresi\u00f3n la que dejamos ante Chivas. Atlas es un equipo que juega bien el futbol. Despu\u00e9s de ese cl\u00e1sico mejoramos mucho. Creo tener los argumentos para vencer a Chivas siendo un equipo intenso&#8221;, agreg\u00f3.<\/p>\n<p style=\"text-align: center;\"><span style=\"color: #333399;\"><a style=\"color: #333399;\" href=\"https:\/\/www.futboltotal.com.mx\/2017\/05\/america-planea-hacer-multiples-cambios-en-estructura\/\" target=\"_blank\">VER M\u00c1S: Am\u00e9rica planea hacer m\u00faltiples cambios en su estructura<\/a><\/span><\/p>\n<p><strong>Atlas<\/strong> concluy\u00f3 la fase regular como sexto lugar de la tabla general, lo que le vali\u00f3 el boleto para enfrentar a <strong>Chivas<\/strong>, tercero de la clasificaci\u00f3n, en los cuartos de final. <a href=\"https:\/\/www.futboltotal.com.mx\/2017\/05\/listos-los-horarios-cuartos-final-la-liguilla-mx\/\">La ida se jugar\u00e1 en el <strong>estadio Jalisco<\/strong> y la vuelta en el <strong>estadio Chivas<\/strong><\/a>.<\/p>\n<p>&nbsp;<\/p>\n<blockquote class=\"twitter-tweet\" data-lang=\"es\">\n<p dir=\"ltr\" lang=\"es\">Hoy charlan con los medios de comunicaci\u00f3n nuestros defensas <a href=\"https:\/\/twitter.com\/ljimenez_3\">@ljimenez_3<\/a> y <a href=\"https:\/\/twitter.com\/StevenBarreiro\">@StevenBarreiro<\/a> <a href=\"https:\/\/t.co\/Jhi216wJyA\">pic.twitter.com\/Jhi216wJyA<\/a><\/p>\n<p>\u2014 Atlas FC (@atlasfc) <a href=\"https:\/\/twitter.com\/atlasfc\/status\/861589347656753153\">8 de mayo de 2017<\/a><\/p><\/blockquote>\n<p><script async src=\"\/\/platform.twitter.com\/widgets.js\" charset=\"utf-8\"><\/script><\/p>\n","protected":false},"excerpt":{"rendered":"<p>Leiton Jim\u00e9nez del Atlas descart\u00f3 que se vayan a enfrentar a unas S\u00faper Chivas.<\/p>\n","protected":false},"author":20,"featured_media":477996,"comment_status":"closed","ping_status":"closed","sticky":false,"template":"","format":"standard","meta":[],"categories":[5,2198,3845],"tags":[5961,70,7732,5963,64,1046,3154],"_links":{"self":[{"href":"http:\/\/desarrollo.grupomedios.com\/futbol\/wp-json\/wp\/v2\/posts\/477995"}],"collection":[{"href":"http:\/\/desarrollo.grupomedios.com\/futbol\/wp-json\/wp\/v2\/posts"}],"about":[{"href":"http:\/\/desarrollo.grupomedios.com\/futbol\/wp-json\/wp\/v2\/types\/post"}],"author":[{"embeddable":true,"href":"http:\/\/desarrollo.grupomedios.com\/futbol\/wp-json\/wp\/v2\/users\/20"}],"replies":[{"embeddable":true,"href":"http:\/\/desarrollo.grupomedios.com\/futbol\/wp-json\/wp\/v2\/comments?post=477995"}],"version-history":[{"count":2,"href":"http:\/\/desarrollo.grupomedios.com\/futbol\/wp-json\/wp\/v2\/posts\/477995\/revisions"}],"predecessor-version":[{"id":477999,"href":"http:\/\/desarrollo.grupomedios.com\/futbol\/wp-json\/wp\/v2\/posts\/477995\/revisions\/477999"}],"wp:featuredmedia":[{"embeddable":true,"href":"http:\/\/desarrollo.grupomedios.com\/futbol\/wp-json\/wp\/v2\/media\/477996"}],"wp:attachment":[{"href":"http:\/\/desarrollo.grupomedios.com\/futbol\/wp-json\/wp\/v2\/media?parent=477995"}],"wp:term":[{"taxonomy":"category","embeddable":true,"href":"http:\/\/desarrollo.grupomedios.com\/futbol\/wp-json\/wp\/v2\/categories?post=477995"},{"taxonomy":"post_tag","embeddable":true,"href":"http:\/\/desarrollo.grupomedios.com\/futbol\/wp-json\/wp\/v2\/tags?post=477995"}],"curies":[{"name":"wp","href":"https:\/\/api.w.org\/{rel}","templated":true}]}}