{"id":478007,"date":"2017-05-08T16:02:21","date_gmt":"2017-05-08T21:02:21","guid":{"rendered":"https:\/\/www.futboltotal.com.mx\/?p=478007"},"modified":"2017-05-08T20:28:08","modified_gmt":"2017-05-09T01:28:08","slug":"matias-britos-podria-volver-al-leon","status":"publish","type":"post","link":"http:\/\/desarrollo.grupomedios.com\/futbol\/futbol-mexicano\/matias-britos-podria-volver-al-leon\/2017\/05","title":{"rendered":"\u00a1Mat\u00edas Britos podr\u00eda volver al Le\u00f3n!"},"content":{"rendered":"<p>El delantero uruguayo <strong>Mat\u00edas Britos<\/strong>\u00a0jug\u00f3 ante Puebla, quiz\u00e1, su \u00faltimo partido con los Pumas de la UNAM. A pesar de que en febrero de 2016 firm\u00f3 una renovaci\u00f3n de contrato por tres a\u00f1os, su futuro apunta lejos de Ciudad Universitaria. El club Le\u00f3n est\u00e1 interesado en que vuelva a vestir los colores <em>esmeralda<\/em>.<\/p>\n<p>Despu\u00e9s de haber definido la continuidad del director t\u00e9cnico Javier Torrente para el pr\u00f3ximo Apertura 2017, la directiva de los <em>Panzas Verdes<\/em> y el entrenador argentino tienen pendiente definir la lista de jugadores trasferibles, as\u00ed como a los refuerzos que buscar\u00e1n fichar en el pr\u00f3ximo r\u00e9gimen de transferencias. La prioridad es retocar la delantera y Mat\u00edas Britos figura entre las opciones, seg\u00fan apunta <em>ESPN.<\/em><\/p>\n<p style=\"text-align: center;\"><a href=\"https:\/\/www.futboltotal.com.mx\/2017\/05\/chivas-busca-desprenderse-definitivamente-del-gullit-pena\/\"><span style=\"color: #3366ff;\">VER M\u00c1S: Gullit Pe\u00f1a tiene futuro incierto<\/span><\/a><\/p>\n<p>El club esmeralda busca un socio para el argentino Mauro Boselli y tendr\u00eda la firme intenci\u00f3n de negociar la vuelta de Britos. El posible traspaso ilusiona a la afici\u00f3n leonesa. Solo basta recordar que este par de depredadores rindieron con creces en la \u00e9poca del uruguayo Gustavo Matosas y fueron vitales para que Le\u00f3n consiguiera un bicampeonato con los t\u00edtulos del Apertura 2013 y Clausura 2014.<\/p>\n<p>Ayer, Mat\u00edas Britos sali\u00f3 llorando de Ciudad Universitaria tras cerrar el Clausura 2017 con una derrota 0-1 ante Puebla. Este fue su sexto torneo con Pumas y disput\u00f3 912 minutos en 13 partidos, marcando tres goles. Fue le goleador de los <em>auriazules<\/em> en el pasado Apertura 2016, marcando 7 tantos -su mejor cuota desde que lleg\u00f3 a M\u00e9xico en 2012- y uno de los hombres clave para que los Pumas llegar\u00e1n a la Final en el Apertura 2015.<\/p>\n<p>Si algo ha demostrado el <em>charr\u00faa<\/em> es que sabe darlo todo por los colores de un club. Ahora est\u00e1 a punto de volver al equipo que le dio la oportunidad de jugar por primera vez en M\u00e9xico. Su futuro se definir\u00e1 en los pr\u00f3ximos d\u00edas.<\/p>\n<p>&nbsp;<\/p>\n","protected":false},"excerpt":{"rendered":"<p>La Fiera quiere de regreso al uruguayo para convertirlo, nuevamente, en socio de Boselli. <\/p>\n","protected":false},"author":20,"featured_media":478008,"comment_status":"closed","ping_status":"closed","sticky":false,"template":"","format":"standard","meta":[],"categories":[7740,2198,3845],"tags":[5965,64],"_links":{"self":[{"href":"http:\/\/desarrollo.grupomedios.com\/futbol\/wp-json\/wp\/v2\/posts\/478007"}],"collection":[{"href":"http:\/\/desarrollo.grupomedios.com\/futbol\/wp-json\/wp\/v2\/posts"}],"about":[{"href":"http:\/\/desarrollo.grupomedios.com\/futbol\/wp-json\/wp\/v2\/types\/post"}],"author":[{"embeddable":true,"href":"http:\/\/desarrollo.grupomedios.com\/futbol\/wp-json\/wp\/v2\/users\/20"}],"replies":[{"embeddable":true,"href":"http:\/\/desarrollo.grupomedios.com\/futbol\/wp-json\/wp\/v2\/comments?post=478007"}],"version-history":[{"count":6,"href":"http:\/\/desarrollo.grupomedios.com\/futbol\/wp-json\/wp\/v2\/posts\/478007\/revisions"}],"predecessor-version":[{"id":478049,"href":"http:\/\/desarrollo.grupomedios.com\/futbol\/wp-json\/wp\/v2\/posts\/478007\/revisions\/478049"}],"wp:featuredmedia":[{"embeddable":true,"href":"http:\/\/desarrollo.grupomedios.com\/futbol\/wp-json\/wp\/v2\/media\/478008"}],"wp:attachment":[{"href":"http:\/\/desarrollo.grupomedios.com\/futbol\/wp-json\/wp\/v2\/media?parent=478007"}],"wp:term":[{"taxonomy":"category","embeddable":true,"href":"http:\/\/desarrollo.grupomedios.com\/futbol\/wp-json\/wp\/v2\/categories?post=478007"},{"taxonomy":"post_tag","embeddable":true,"href":"http:\/\/desarrollo.grupomedios.com\/futbol\/wp-json\/wp\/v2\/tags?post=478007"}],"curies":[{"name":"wp","href":"https:\/\/api.w.org\/{rel}","templated":true}]}}