{"id":478009,"date":"2017-05-08T15:40:47","date_gmt":"2017-05-08T20:40:47","guid":{"rendered":"https:\/\/www.futboltotal.com.mx\/?p=478009"},"modified":"2017-05-08T15:40:47","modified_gmt":"2017-05-08T20:40:47","slug":"chavez-jr-sufrio-epica-trolleada-propia-hija","status":"publish","type":"post","link":"http:\/\/desarrollo.grupomedios.com\/futbol\/cambio-de-juego\/chavez-jr-sufrio-epica-trolleada-propia-hija\/2017\/05","title":{"rendered":"Ch\u00e1vez Jr. sufri\u00f3 \u00e9pica trolleada&#8230; \u00a1de su propia hija!"},"content":{"rendered":"<p>Una cosa es que <strong>Julio C\u00e9sar Ch\u00e1vez Jr.<\/strong> sea el motivo de burlas de m\u00faltiples usuarios en redes sociales debido a su clara derrota ante <strong>Sa\u00fal <em>Canelo<\/em> \u00c1lvarez<\/strong> en Las Vegas, pero otra que su propia hija se burle de \u00e9l y, adem\u00e1s, lo haga frente a millones de personas.<\/p>\n<p>El hijo de <strong>Julio C\u00e9sar Ch\u00e1vez<\/strong> apareci\u00f3 dando una entrevista para el medio ESNEWS, en la que habla acerca de su combate con el <em>Canelo<\/em>, pero de repente aparece <strong>Julia<\/strong>, la peque\u00f1a hija del Jr., y el boxeador no duda en sentarla sobre sus piernas para que sea parte de la entrevista.<\/p>\n<p style=\"text-align: center;\"><span style=\"color: #333399;\"><a style=\"color: #333399;\" href=\"https:\/\/www.futboltotal.com.mx\/2017\/05\/canelo-alvarez-festejo-triunfo-chavez-jr-tremenda-fiesta-luis-miguel\/\" target=\"_blank\">VER M\u00c1S: Canelo festej\u00f3 triunfo sobre Ch\u00e1vez Jr. con fiesta y&#8230; \u00a1Luis Miguel!<\/a><\/span><\/p>\n<p><strong>Ch\u00e1vez Jr.<\/strong>, quien se notaba claramente con las marcas de la batalla en su rostro, le dijo a su ni\u00f1a: &#8220;Julia, el lobo me mordi\u00f3&#8221;, pero la adorable ni\u00f1a neg\u00f3 las palabras de su pap\u00e1, quien le pregunt\u00f3 que si no hab\u00eda sido as\u00ed entonces qu\u00e9 fue lo que pas\u00f3 y ella simplemente respondi\u00f3: &#8220;No, te peg\u00f3 el <em>Canelo<\/em>&#8220;, frase que desat\u00f3 las risas del propio Julio C\u00e9sar, as\u00ed como del entrevistador.<\/p>\n<p>&nbsp;<\/p>\n<blockquote class=\"twitter-video\" data-lang=\"es\">\n<p dir=\"ltr\" lang=\"es\">\u23e9La hija de Julio C\u00e9sar Ch\u00e1vez, Jr. le dio el golpe m\u00e1s duro&#x1f62d;<br \/>\nJUSTO EN EL CORAZ\u00d3N &#x1f494;<a href=\"https:\/\/twitter.com\/hashtag\/FelizLunes?src=hash\">#FelizLunes<\/a><br \/>\n<a href=\"https:\/\/t.co\/NHbbqvsayB\">pic.twitter.com\/NHbbqvsayB<\/a><\/p>\n<p>\u2014 La Abuela Garcia \u00ae\u2122 (@rthur013) <a href=\"https:\/\/twitter.com\/rthur013\/status\/861656077900935169\">8 de mayo de 2017<\/a><\/p><\/blockquote>\n<p><script async src=\"\/\/platform.twitter.com\/widgets.js\" charset=\"utf-8\"><\/script><\/p>\n","protected":false},"excerpt":{"rendered":"<p>La hija de Ch\u00e1vez Jr. hizo un comentario que son\u00f3 a burla contra su golpeado pap\u00e1.<\/p>\n","protected":false},"author":20,"featured_media":478010,"comment_status":"closed","ping_status":"closed","sticky":false,"template":"","format":"standard","meta":[],"categories":[6282,5419,6411],"tags":[5936,5934,8347,8271,8537],"_links":{"self":[{"href":"http:\/\/desarrollo.grupomedios.com\/futbol\/wp-json\/wp\/v2\/posts\/478009"}],"collection":[{"href":"http:\/\/desarrollo.grupomedios.com\/futbol\/wp-json\/wp\/v2\/posts"}],"about":[{"href":"http:\/\/desarrollo.grupomedios.com\/futbol\/wp-json\/wp\/v2\/types\/post"}],"author":[{"embeddable":true,"href":"http:\/\/desarrollo.grupomedios.com\/futbol\/wp-json\/wp\/v2\/users\/20"}],"replies":[{"embeddable":true,"href":"http:\/\/desarrollo.grupomedios.com\/futbol\/wp-json\/wp\/v2\/comments?post=478009"}],"version-history":[{"count":1,"href":"http:\/\/desarrollo.grupomedios.com\/futbol\/wp-json\/wp\/v2\/posts\/478009\/revisions"}],"predecessor-version":[{"id":478011,"href":"http:\/\/desarrollo.grupomedios.com\/futbol\/wp-json\/wp\/v2\/posts\/478009\/revisions\/478011"}],"wp:featuredmedia":[{"embeddable":true,"href":"http:\/\/desarrollo.grupomedios.com\/futbol\/wp-json\/wp\/v2\/media\/478010"}],"wp:attachment":[{"href":"http:\/\/desarrollo.grupomedios.com\/futbol\/wp-json\/wp\/v2\/media?parent=478009"}],"wp:term":[{"taxonomy":"category","embeddable":true,"href":"http:\/\/desarrollo.grupomedios.com\/futbol\/wp-json\/wp\/v2\/categories?post=478009"},{"taxonomy":"post_tag","embeddable":true,"href":"http:\/\/desarrollo.grupomedios.com\/futbol\/wp-json\/wp\/v2\/tags?post=478009"}],"curies":[{"name":"wp","href":"https:\/\/api.w.org\/{rel}","templated":true}]}}