{"id":478039,"date":"2017-05-08T19:47:26","date_gmt":"2017-05-09T00:47:26","guid":{"rendered":"https:\/\/www.futboltotal.com.mx\/?p=478039"},"modified":"2017-05-08T19:47:26","modified_gmt":"2017-05-09T00:47:26","slug":"real-madrid-amarra-primer-refuerzo-la-proxima-temporada","status":"publish","type":"post","link":"http:\/\/desarrollo.grupomedios.com\/futbol\/futbol-internacional\/real-madrid-amarra-primer-refuerzo-la-proxima-temporada\/2017\/05","title":{"rendered":"Real Madrid amarra su primer refuerzo para la pr\u00f3xima temporada"},"content":{"rendered":"<p>El <strong>Real Madrid<\/strong>\u00a0tiene amarrado a su primer refuerzo para la temporada 2017-18. Se trata del lateral franc\u00e9s <strong>Theo Hern\u00e1ndez<\/strong>, cuya carta pertenece al Atl\u00e9tico de Madrid, y quien ha jugado cedido en el Alav\u00e9s en el presente curso.<\/p>\n<p>De acuerdo con el informe de la prensa espa\u00f1ola, <strong>Theo Hern\u00e1ndez<\/strong> pas\u00f3 el reconocimiento m\u00e9dico este lunes y ha firmado &#8220;un acuerdo privado&#8221; para comprometerse con el Real Madrid por las pr\u00f3ximas cinco temporadas. De esta manera los <em>Blancos<\/em> han garantizado quedarse con el lateral izquierdo que tambi\u00e9n pretendido por el Barcelona.<\/p>\n<p style=\"text-align: center;\"><span style=\"color: #3366ff;\">VER M\u00c1S: Todas las noticias de futbol internacional<\/span><\/p>\n<p>El Real Madrid desembolsar\u00e1 24 millones de euros por\u00a0<strong>Theo Hern\u00e1ndez,<\/strong>\u00a0de 19 a\u00f1os, le pagar\u00e1 un salario de 3.5 millones de euros en su primer a\u00f1o, aument\u00e1ndolo progresivamente hasta cubrir un total de 36 MDE.<\/p>\n<p><strong>Theo Hern\u00e1ndez<\/strong> llegar\u00e1 para cubrir la salida del portugu\u00e9s Fabio Coentrao, quien saldr\u00e1 del club la pr\u00f3xima campa\u00f1a. Ser\u00e1 el recambio natural de Marcelo y los <em>Merengues<\/em> oficializar\u00e1n su contrataci\u00f3n despu\u00e9s de que el franc\u00e9s dispute la final de la Copa del Rey ante el Barcelona.<\/p>\n<p>&nbsp;<\/p>\n<p>&nbsp;<\/p>\n<p>&nbsp;<\/p>\n","protected":false},"excerpt":{"rendered":"<p>Los Merengues gana la partida a lo Cul\u00e9s pagando 24 MDE por el lateral izquierdo franc\u00e9s.<\/p>\n","protected":false},"author":20,"featured_media":478040,"comment_status":"closed","ping_status":"closed","sticky":false,"template":"","format":"standard","meta":[],"categories":[3839,3844],"tags":[1433,5988],"_links":{"self":[{"href":"http:\/\/desarrollo.grupomedios.com\/futbol\/wp-json\/wp\/v2\/posts\/478039"}],"collection":[{"href":"http:\/\/desarrollo.grupomedios.com\/futbol\/wp-json\/wp\/v2\/posts"}],"about":[{"href":"http:\/\/desarrollo.grupomedios.com\/futbol\/wp-json\/wp\/v2\/types\/post"}],"author":[{"embeddable":true,"href":"http:\/\/desarrollo.grupomedios.com\/futbol\/wp-json\/wp\/v2\/users\/20"}],"replies":[{"embeddable":true,"href":"http:\/\/desarrollo.grupomedios.com\/futbol\/wp-json\/wp\/v2\/comments?post=478039"}],"version-history":[{"count":1,"href":"http:\/\/desarrollo.grupomedios.com\/futbol\/wp-json\/wp\/v2\/posts\/478039\/revisions"}],"predecessor-version":[{"id":478041,"href":"http:\/\/desarrollo.grupomedios.com\/futbol\/wp-json\/wp\/v2\/posts\/478039\/revisions\/478041"}],"wp:featuredmedia":[{"embeddable":true,"href":"http:\/\/desarrollo.grupomedios.com\/futbol\/wp-json\/wp\/v2\/media\/478040"}],"wp:attachment":[{"href":"http:\/\/desarrollo.grupomedios.com\/futbol\/wp-json\/wp\/v2\/media?parent=478039"}],"wp:term":[{"taxonomy":"category","embeddable":true,"href":"http:\/\/desarrollo.grupomedios.com\/futbol\/wp-json\/wp\/v2\/categories?post=478039"},{"taxonomy":"post_tag","embeddable":true,"href":"http:\/\/desarrollo.grupomedios.com\/futbol\/wp-json\/wp\/v2\/tags?post=478039"}],"curies":[{"name":"wp","href":"https:\/\/api.w.org\/{rel}","templated":true}]}}