{"id":478071,"date":"2017-05-09T10:00:50","date_gmt":"2017-05-09T15:00:50","guid":{"rendered":"https:\/\/www.futboltotal.com.mx\/?p=478071"},"modified":"2017-05-09T10:00:50","modified_gmt":"2017-05-09T15:00:50","slug":"messi-presumio-sus-playeras-ellas-la-del-leon","status":"publish","type":"post","link":"http:\/\/desarrollo.grupomedios.com\/futbol\/futbol-internacional\/messi-presumio-sus-playeras-ellas-la-del-leon\/2017\/05","title":{"rendered":"Messi presumi\u00f3 su colecci\u00f3n de playeras, entre ellas la del Le\u00f3n"},"content":{"rendered":"<p>El astro argentino del Barcelona, <strong>Lionel Messi<\/strong>, se encarg\u00f3 de presumir \u00a0su colecci\u00f3n de playeras que ha intercambiado con otros jugadores y sorpresivamente entre ellas aparece la del club mexicano, <strong>Le\u00f3n<\/strong>.<\/p>\n<p>La playera de los <em>Esmeraldas<\/em> se ubica en la parte alta del lado derecho de la fotograf\u00eda, aparece el n\u00famero 17 de su compatriota Mauro Boselli y est\u00e1 junto a la de otras figuras como Francesco Totti, Dani Alves y Diego Milito.<\/p>\n<p>Adem\u00e1s de la del jugador de la Fiera, en la colecci\u00f3n de <strong>Messi<\/strong> tambi\u00e9n se pueden ver dos jerseys del Real Madrid con el n\u00famero 1 de Iker Casillas y con el 7 de la leyenda espa\u00f1ola Ra\u00fal Gonz\u00e1lez, entre otras.<\/p>\n<p style=\"text-align: center;\"><a href=\"https:\/\/www.futboltotal.com.mx\/2017\/05\/pumas-confirma-salida-veron-pikolin-palacios\/\">VER M\u00c1S: Pumas confirma salida de Ver\u00f3n y Pikol\u00edn Palacios<\/a><\/p>\n<div class=\"fb-post\" data-href=\"https:\/\/www.facebook.com\/LeoMessi\/posts\/1810993368920249:0\" data-data-show-text=\"true\">\n<blockquote class=\"fb-xfbml-parse-ignore\" cite=\"https:\/\/www.facebook.com\/LeoMessi\/posts\/1810993368920249:0\"><p>&#x1f455;\u26bd\ufe0f&#x1f600;<\/p>\n<p>Posted by <a href=\"https:\/\/www.facebook.com\/LeoMessi\/\">Leo Messi<\/a> on\u00a0<a href=\"https:\/\/www.facebook.com\/LeoMessi\/posts\/1810993368920249:0\">martes, 9 de mayo de 2017<\/a><\/p><\/blockquote>\n<\/div>\n<p>Aqu\u00ed la fotograf\u00eda donde se aprecia la camiseta del Le\u00f3n.<\/p>\n<p><a href=\"https:\/\/www.futboltotal.com.mx\/wp-content\/uploads\/2017\/05\/messi-camiseta-leon.jpg\"><img decoding=\"async\" loading=\"lazy\" class=\"alignnone size-full wp-image-478074\" src=\"https:\/\/www.futboltotal.com.mx\/wp-content\/uploads\/2017\/05\/messi-camiseta-leon.jpg\" alt=\"Messi presumi\u00f3 su colecci\u00f3n de playeras, entre ellas la del Le\u00f3n 0\" srcset=\"http:\/\/desarrollo.grupomedios.com\/futbol\/wp-content\/uploads\/2017\/05\/messi-camiseta-leon.jpg 1136w, http:\/\/desarrollo.grupomedios.com\/futbol\/wp-content\/uploads\/2017\/05\/messi-camiseta-leon-300x169.jpg 300w, http:\/\/desarrollo.grupomedios.com\/futbol\/wp-content\/uploads\/2017\/05\/messi-camiseta-leon-768x432.jpg 768w, http:\/\/desarrollo.grupomedios.com\/futbol\/wp-content\/uploads\/2017\/05\/messi-camiseta-leon-1024x576.jpg 1024w, http:\/\/desarrollo.grupomedios.com\/futbol\/wp-content\/uploads\/2017\/05\/messi-camiseta-leon-317x178.jpg 317w, http:\/\/desarrollo.grupomedios.com\/futbol\/wp-content\/uploads\/2017\/05\/messi-camiseta-leon-535x301.jpg 535w, http:\/\/desarrollo.grupomedios.com\/futbol\/wp-content\/uploads\/2017\/05\/messi-camiseta-leon-374x210.jpg 374w\" sizes=\"(max-width: 1136px) 100vw, 1136px\" \/><\/a><\/p>\n","protected":false},"excerpt":{"rendered":"<p>Adem\u00e1s de la del Le\u00f3n, tambi\u00e9n se aprecian dos jerseys del Real Madrid.<\/p>\n","protected":false},"author":20,"featured_media":475666,"comment_status":"closed","ping_status":"closed","sticky":false,"template":"","format":"standard","meta":[],"categories":[3839],"tags":[5965,64,6012],"_links":{"self":[{"href":"http:\/\/desarrollo.grupomedios.com\/futbol\/wp-json\/wp\/v2\/posts\/478071"}],"collection":[{"href":"http:\/\/desarrollo.grupomedios.com\/futbol\/wp-json\/wp\/v2\/posts"}],"about":[{"href":"http:\/\/desarrollo.grupomedios.com\/futbol\/wp-json\/wp\/v2\/types\/post"}],"author":[{"embeddable":true,"href":"http:\/\/desarrollo.grupomedios.com\/futbol\/wp-json\/wp\/v2\/users\/20"}],"replies":[{"embeddable":true,"href":"http:\/\/desarrollo.grupomedios.com\/futbol\/wp-json\/wp\/v2\/comments?post=478071"}],"version-history":[{"count":1,"href":"http:\/\/desarrollo.grupomedios.com\/futbol\/wp-json\/wp\/v2\/posts\/478071\/revisions"}],"predecessor-version":[{"id":478075,"href":"http:\/\/desarrollo.grupomedios.com\/futbol\/wp-json\/wp\/v2\/posts\/478071\/revisions\/478075"}],"wp:featuredmedia":[{"embeddable":true,"href":"http:\/\/desarrollo.grupomedios.com\/futbol\/wp-json\/wp\/v2\/media\/475666"}],"wp:attachment":[{"href":"http:\/\/desarrollo.grupomedios.com\/futbol\/wp-json\/wp\/v2\/media?parent=478071"}],"wp:term":[{"taxonomy":"category","embeddable":true,"href":"http:\/\/desarrollo.grupomedios.com\/futbol\/wp-json\/wp\/v2\/categories?post=478071"},{"taxonomy":"post_tag","embeddable":true,"href":"http:\/\/desarrollo.grupomedios.com\/futbol\/wp-json\/wp\/v2\/tags?post=478071"}],"curies":[{"name":"wp","href":"https:\/\/api.w.org\/{rel}","templated":true}]}}